{"id":15915,"date":"2014-10-06T10:33:15","date_gmt":"2014-10-06T13:33:15","guid":{"rendered":"http:\/\/argentinamunicipal.com.ar\/argentina\/?p=15915"},"modified":"2014-10-06T10:33:15","modified_gmt":"2014-10-06T13:33:15","slug":"el-tren-de-pasajeros-regreso-santa-rosa","status":"publish","type":"post","link":"http:\/\/argentinamunicipal.com.ar\/argentina\/el-tren-de-pasajeros-regreso-santa-rosa\/","title":{"rendered":"El tren de pasajeros regres\u00f3 a Santa Rosa"},"content":{"rendered":"<p><a href=\"http:\/\/argentinamunicipal.com.ar\/argentina\/wp-content\/uploads\/2014\/10\/llegada-del-tren-650.jpg\"><img loading=\"lazy\" decoding=\"async\" class=\"aligncenter size-full wp-image-15916\" src=\"http:\/\/argentinamunicipal.com.ar\/argentina\/wp-content\/uploads\/2014\/10\/llegada-del-tren-650.jpg\" alt=\"llegada-del-tren-650\" width=\"650\" height=\"424\" srcset=\"http:\/\/argentinamunicipal.com.ar\/argentina\/wp-content\/uploads\/2014\/10\/llegada-del-tren-650.jpg 650w, http:\/\/argentinamunicipal.com.ar\/argentina\/wp-content\/uploads\/2014\/10\/llegada-del-tren-650-300x195.jpg 300w\" sizes=\"auto, (max-width: 650px) 100vw, 650px\" \/><\/a><br \/>\nEl primer tren del servicio semanal que se reactiva en Santa Rosa arrib\u00f3 este s\u00e1bado, despu\u00e9s del mediod\u00eda. La formaci\u00f3n luci\u00f3 impecable. No pudo venir Randazzo, por el mal tiempo, pero lo recibi\u00f3 una comitiva de funcionarios comunales y de la provincia.<\/p>\n<p>El intendente Luis Larra\u00f1aga y sus colaboradores y una comitiva de funcionarios proviciales, entre ellos el ministro Coordinador, Ariel Rauschenberger, y el ministro de Gobierno, Leonardo Villalba, recibieron este s\u00e1bado, a las 12.10, al primer tren de pasajeros que cubrir\u00e1 el servicio con una frecuencia semanal a Once. La lluvia desbarat\u00f3 el acto que se ten\u00eda programado: solo hubo alrededor de 50 personas en los andenes, y no lleg\u00f3 a recibirlo el ministro del Interior, Florencio Randazzo, ni el gobernador Oscar Jorge, como se hab\u00eda anunciado en un primer momento.<\/p>\n<p>El tren saldr\u00e1 todos los viernes a las 19.55 de Capital Federal y llegar\u00e1 a Santa Rosa a las 11.45 del s\u00e1bado. En esta oportunidda, lleg\u00f3 con veinte pasajeros.\u00a0El regreso est\u00e1 programado para el domingo a las 14.57 horas. Esta vez, demor\u00f3 15 horas en recorrer los 600 kil\u00f3metros. El pasaje tiene un costo de 120 pesos.<\/p>\n<p>El martes pasado ya hab\u00eda arribado a Pico una formaci\u00f3n nueva, de origen chino, que realiz\u00f3 todo el trayecto con personal t\u00e9cnico a modo de prueba. Seg\u00fan se inform\u00f3 all\u00ed, estiman que el viaje desde General Pico durar\u00e1 entre 14 y 15 horas, unas 3 o 4 horas menos que por Realic\u00f3, con llegada los s\u00e1bados y retorno a Buenos Aires los d\u00edas domingos, y una frecuencia semanal. Los pasajeros que viajen a Santa Rosa har\u00e1n un trasbordo en Catril\u00f3, a una formaci\u00f3n m\u00e1s liviana, porque el estado de las v\u00edas hasta la capital provincial no permite la utilizaci\u00f3n con las modernas unidades chinas.<\/p>\n<p>La formaci\u00f3n viaja a velocidades de 40, 60 kil\u00f3metros y en los trayectos m\u00e1s complicados a 20 kil\u00f3metros, mientras que desde Catril\u00f3 a General Pico el tren desarrolla hasta 90 kil\u00f3metros por hora. El tramo tiene un buen material correctamente mantenido por el uso diario de trenes de carga.<\/p>\n<p>La formaci\u00f3n principal cuenta con una locomotora y coches chinos, cero kil\u00f3metro. La locomotora es de 2400 hp diesel el\u00e9ctrica.<\/p>\n<p>El 18 de setiembre Randazzo ya hab\u00eda visitado Santa Rosa y junto a Jorge prometi\u00f3 en Casa de Gobierno que el tren de pasajeros volver\u00eda \u201cmuy pronto\u201d.\u00a0Antes, el s\u00e1bado 31 de mayo de este a\u00f1o, hab\u00eda llegado a la capital un \u201ctren solidario\u201d y se organiz\u00f3 una fiesta en la estaci\u00f3n para recibir un tren despu\u00e9s de trrece. La actividad la organiz\u00f3 la entidad Rieles Solidarios, apoyada por los gremios del sector ferroviario.<\/p>\n<p>Hasta ahora, del viejo ramal Once-Toay, solo se hab\u00eda reactivado un servicio de pasajeros con una frecuencia de cuatro d\u00edas a la semana hasta Peahuaj\u00f3, a 250 kil\u00f3metros de Santa Rosa.<\/p>\n<h6>Fuente: El Diario de La Pampa<\/h6>\n","protected":false},"excerpt":{"rendered":"<p>El primer tren del servicio semanal que se reactiva en Santa Rosa arrib\u00f3 este s\u00e1bado, despu\u00e9s del mediod\u00eda. La formaci\u00f3n luci\u00f3 impecable. No pudo venir Randazzo, por el mal tiempo, pero lo recibi\u00f3 una comitiva de funcionarios comunales y de la provincia. El intendente Luis Larra\u00f1aga y sus colaboradores y una comitiva de funcionarios proviciales,<\/p>\n","protected":false},"author":2,"featured_media":15916,"comment_status":"closed","ping_status":"closed","sticky":false,"template":"","format":"standard","meta":{"footnotes":""},"categories":[2],"tags":[42],"class_list":["post-15915","post","type-post","status-publish","format-standard","has-post-thumbnail","hentry","category-informe-municipal","tag-la-pampa"],"_links":{"self":[{"href":"http:\/\/argentinamunicipal.com.ar\/argentina\/wp-json\/wp\/v2\/posts\/15915","targetHints":{"allow":["GET"]}}],"collection":[{"href":"http:\/\/argentinamunicipal.com.ar\/argentina\/wp-json\/wp\/v2\/posts"}],"about":[{"href":"http:\/\/argentinamunicipal.com.ar\/argentina\/wp-json\/wp\/v2\/types\/post"}],"author":[{"embeddable":true,"href":"http:\/\/argentinamunicipal.com.ar\/argentina\/wp-json\/wp\/v2\/users\/2"}],"replies":[{"embeddable":true,"href":"http:\/\/argentinamunicipal.com.ar\/argentina\/wp-json\/wp\/v2\/comments?post=15915"}],"version-history":[{"count":0,"href":"http:\/\/argentinamunicipal.com.ar\/argentina\/wp-json\/wp\/v2\/posts\/15915\/revisions"}],"wp:featuredmedia":[{"embeddable":true,"href":"http:\/\/argentinamunicipal.com.ar\/argentina\/wp-json\/wp\/v2\/media\/15916"}],"wp:attachment":[{"href":"http:\/\/argentinamunicipal.com.ar\/argentina\/wp-json\/wp\/v2\/media?parent=15915"}],"wp:term":[{"taxonomy":"category","embeddable":true,"href":"http:\/\/argentinamunicipal.com.ar\/argentina\/wp-json\/wp\/v2\/categories?post=15915"},{"taxonomy":"post_tag","embeddable":true,"href":"http:\/\/argentinamunicipal.com.ar\/argentina\/wp-json\/wp\/v2\/tags?post=15915"}],"curies":[{"name":"wp","href":"https:\/\/api.w.org\/{rel}","templated":true}]}}