{"id":15930,"date":"2014-10-06T10:57:03","date_gmt":"2014-10-06T13:57:03","guid":{"rendered":"http:\/\/argentinamunicipal.com.ar\/argentina\/?p=15930"},"modified":"2014-10-06T11:10:05","modified_gmt":"2014-10-06T14:10:05","slug":"la-nueva-secretaria-de-acceso-al-habitat-sera-un-aporte-una-sociedad-y-una-ciudad-mas-democratica","status":"publish","type":"post","link":"http:\/\/argentinamunicipal.com.ar\/argentina\/la-nueva-secretaria-de-acceso-al-habitat-sera-un-aporte-una-sociedad-y-una-ciudad-mas-democratica\/","title":{"rendered":"La nueva Secretar\u00eda de Acceso al H\u00e1bitat\u00a0ser\u00e1 \u00abun aporte a una sociedad y una Ciudad m\u00e1s democr\u00e1tica\u00bb"},"content":{"rendered":"<p><a href=\"http:\/\/argentinamunicipal.com.ar\/argentina\/wp-content\/uploads\/2014\/10\/Campamentos-1.jpg\"><img loading=\"lazy\" decoding=\"async\" class=\"aligncenter size-full wp-image-15931\" src=\"http:\/\/argentinamunicipal.com.ar\/argentina\/wp-content\/uploads\/2014\/10\/Campamentos-1.jpg\" alt=\"Campamentos-1\" width=\"640\" height=\"437\" srcset=\"http:\/\/argentinamunicipal.com.ar\/argentina\/wp-content\/uploads\/2014\/10\/Campamentos-1.jpg 640w, http:\/\/argentinamunicipal.com.ar\/argentina\/wp-content\/uploads\/2014\/10\/Campamentos-1-300x204.jpg 300w\" sizes=\"auto, (max-width: 640px) 100vw, 640px\" \/><\/a><br \/>\nEl nuevo Secretario de Acceso al H\u00e1bitat, Rub\u00e9n Pascolini, detall\u00f3 cu\u00e1les ser\u00e1n los ejes de su gesti\u00f3n en la que se propone regularizar e incluir a 100 asentamientos del todo el pa\u00eds.<\/p>\n<p>El \u00faltimo martes, Pascolini fue designado por la presidenta Cristina Fern\u00e1ndez de Kirchner al frente de la Secretar\u00eda de Acceso al H\u00e1bitat, organismo que dar\u00e1 continuidad a la Comisi\u00f3n Nacional de Tierras para el H\u00e1bitat Social, organismo fundado en 2008, que tambi\u00e9n estaba conducido por el flamante secretario.<\/p>\n<p>Desde esa comisi\u00f3n \u00abya se ven\u00eda trabajando con procesos de regularizaci\u00f3n, financiamiento de estructura b\u00e1sica, equipamiento comunitario\u00bb explic\u00f3 hoy en una entrevista a Tiempo Argentino este arquitecto que al mismo tiempo es miembro de la Federaci\u00f3n Tierra y Vivienda (FTV) que conduce Luis D\u00b4El\u00eda.<\/p>\n<p>La conversi\u00f3n de la Comisi\u00f3n en Secretar\u00eda es una apuesta a \u00abprofundizar y continuar\u00bb la l\u00edneas de trabajo previas, a partir de la intervenciones interministeriales \u00abde manera de racionalizar al m\u00e1ximo la inversi\u00f3n p\u00fablica en estos barrios\u00bb.<\/p>\n<p>Durante el anuncio presidencial de la creaci\u00f3n de esta secretar\u00eda se detall\u00f3 que el plan de integraci\u00f3n de las barriadas contar\u00e1 con un presupuesto de 2.118 millones de pesos que se destinar\u00e1 a \u00abla infraestructura que necesiten estos barrios, estructura b\u00e1sica de servicios, como redes de agua, cloacas, electricidad y, eventualmente, en algunas situaciones que ameriten por las circunstancias clim\u00e1ticas, gas\u00bb explic\u00f3 Pascolini.<\/p>\n<p>El funcionario indic\u00f3 tambi\u00e9n que el objetivo no es construir viviendas en los m\u00e1s de 100 barrios de todo el pa\u00eds en los que prev\u00e9 desplegar las inversiones.<\/p>\n<p>\u00abNosotros aspiramos a conseguir barriadas m\u00e1s integradas a la ciudad en las que haya caminos m\u00e1s accesibles, iluminaci\u00f3n\u00bb, indica y se\u00f1ala que la prioridad es \u00abintervenir sobre lo p\u00fablico, sobre la ciudad\u00bb.<\/p>\n<p>A\u00fan resta definir cu\u00e1les ser\u00e1n esas barriadas en las que se desplieguen las acciones, ya que seg\u00fan Pascolini \u00ablos problemas de h\u00e1bitat se resuelven por las competencias administrativas, jur\u00eddicas, con las provincias y municipios\u00bb, aunque anticip\u00f3 que prev\u00e9 que alcanzar\u00e1n a 38.000 familias de todo el pa\u00eds, unos 100.000 habitantes de barrios irregulares.<\/p>\n<h6>Fuente: T\u00e9lam<\/h6>\n","protected":false},"excerpt":{"rendered":"<p>El nuevo Secretario de Acceso al H\u00e1bitat, Rub\u00e9n Pascolini, detall\u00f3 cu\u00e1les ser\u00e1n los ejes de su gesti\u00f3n en la que se propone regularizar e incluir a 100 asentamientos del todo el pa\u00eds. El \u00faltimo martes, Pascolini fue designado por la presidenta Cristina Fern\u00e1ndez de Kirchner al frente de la Secretar\u00eda de Acceso al H\u00e1bitat, organismo<\/p>\n","protected":false},"author":2,"featured_media":15931,"comment_status":"closed","ping_status":"closed","sticky":false,"template":"","format":"standard","meta":{"footnotes":""},"categories":[8],"tags":[21],"class_list":["post-15930","post","type-post","status-publish","format-standard","has-post-thumbnail","hentry","category-informe-nacional","tag-argentina"],"_links":{"self":[{"href":"http:\/\/argentinamunicipal.com.ar\/argentina\/wp-json\/wp\/v2\/posts\/15930","targetHints":{"allow":["GET"]}}],"collection":[{"href":"http:\/\/argentinamunicipal.com.ar\/argentina\/wp-json\/wp\/v2\/posts"}],"about":[{"href":"http:\/\/argentinamunicipal.com.ar\/argentina\/wp-json\/wp\/v2\/types\/post"}],"author":[{"embeddable":true,"href":"http:\/\/argentinamunicipal.com.ar\/argentina\/wp-json\/wp\/v2\/users\/2"}],"replies":[{"embeddable":true,"href":"http:\/\/argentinamunicipal.com.ar\/argentina\/wp-json\/wp\/v2\/comments?post=15930"}],"version-history":[{"count":0,"href":"http:\/\/argentinamunicipal.com.ar\/argentina\/wp-json\/wp\/v2\/posts\/15930\/revisions"}],"wp:featuredmedia":[{"embeddable":true,"href":"http:\/\/argentinamunicipal.com.ar\/argentina\/wp-json\/wp\/v2\/media\/15931"}],"wp:attachment":[{"href":"http:\/\/argentinamunicipal.com.ar\/argentina\/wp-json\/wp\/v2\/media?parent=15930"}],"wp:term":[{"taxonomy":"category","embeddable":true,"href":"http:\/\/argentinamunicipal.com.ar\/argentina\/wp-json\/wp\/v2\/categories?post=15930"},{"taxonomy":"post_tag","embeddable":true,"href":"http:\/\/argentinamunicipal.com.ar\/argentina\/wp-json\/wp\/v2\/tags?post=15930"}],"curies":[{"name":"wp","href":"https:\/\/api.w.org\/{rel}","templated":true}]}}