{"id":159457,"date":"2025-09-17T05:10:21","date_gmt":"2025-09-17T08:10:21","guid":{"rendered":"http:\/\/argentinamunicipal.com.ar\/argentina\/?p=159457"},"modified":"2025-09-16T19:12:56","modified_gmt":"2025-09-16T22:12:56","slug":"el-municipio-de-santa-fe-oficializa-su-autonomia-y-convoca-al-debate-para-la-carta-organica-debe-trascender-una-gestion","status":"publish","type":"post","link":"http:\/\/argentinamunicipal.com.ar\/argentina\/el-municipio-de-santa-fe-oficializa-su-autonomia-y-convoca-al-debate-para-la-carta-organica-debe-trascender-una-gestion\/","title":{"rendered":"El municipio de Santa Fe oficializa su autonom\u00eda y convoca al debate para la carta org\u00e1nica: \u00abDebe trascender una gesti\u00f3n\u00bb"},"content":{"rendered":"<p>El Ejecutivo municipal anunci\u00f3 que el proyecto de decreto para declarar la autonom\u00eda de la ciudad est\u00e1 listo. Ahora se abre una etapa de di\u00e1logo y consenso para redactar la carta org\u00e1nica de la ciudad de Santa Fe.<\/p>\n<p>El intendente de la ciudad de Santa Fe, Juan Pablo Poletti, confirm\u00f3 este lunes que el proyecto de decreto para la declaraci\u00f3n formal de la autonom\u00eda municipal fue elaborado. \u201cEs debate, es consenso, es di\u00e1logo\u201c, subray\u00f3 sobre la din\u00e1mica del proceso para la elaboraci\u00f3n de la\u00a0carta org\u00e1nica.<\/p>\n<p>En un paso clave, el intendente de la ciudad convoc\u00f3 a la presidenta del Concejo para organizar un acto de jura de los funcionarios y concejales electos, evento que deber\u00e1 concretarse en los pr\u00f3ximos 30 d\u00edas. El intendente mencion\u00f3 que se coordinar\u00e1n los preparativos con Chuchi Molina, la actual presidenta del cuerpo legislativo.<\/p>\n<p>El objetivo principal de esta etapa es iniciar el debate y la articulaci\u00f3n local para la redacci\u00f3n de la carta org\u00e1nica. El intendente subray\u00f3 que este documento debe ser pensado con una visi\u00f3n de futuro, \u201cque le sirva a los vecinos, que le sirva a la ciudad de Santa Fe y que trascienda una gesti\u00f3n\u201c. En este sentido, inst\u00f3 a evitar pensar en beneficios personales o de la gesti\u00f3n actual, y a mirar a largo plazo, \u201ca 20 o 30 a\u00f1os\u201c, para que la carta org\u00e1nica sea perdurable.<\/p>\n<p><strong>La realidad de Santa Fe<\/strong><br \/>\nSobre el contenido espec\u00edfico, el intendente indic\u00f3 que se trabajar\u00e1 en la \u201cletra chica\u201d con equipos t\u00e9cnicos para determinar c\u00f3mo beneficiar concretamente a los ciudadanos. Adem\u00e1s, hizo hincapi\u00e9 en que la carta org\u00e1nica debe ser espec\u00edfica para la realidad de Santa Fe, sin comparaciones con otras ciudades.\u00a0\u201cTenemos que mirar la nuestra, nuestra idiosincrasia\u201c, asegur\u00f3.<\/p>\n<p>Un punto crucial del debate ser\u00e1 el manejo de los recursos. El intendente se\u00f1al\u00f3 que el municipio ya asume obligaciones que nunca fueron delegadas con los fondos necesarios. Por lo tanto, la discusi\u00f3n se centrar\u00e1 en dos ejes: si se asumen nuevas obligaciones, deber\u00e1n venir acompa\u00f1adas de nuevos recursos; y si no, se deber\u00e1 revisar las obligaciones ya asumidas por los gobiernos locales que carecen de financiamiento.<\/p>\n<h6>Fuente: Uno<\/h6>\n","protected":false},"excerpt":{"rendered":"<p>El Ejecutivo municipal anunci\u00f3 que el proyecto de decreto para declarar la autonom\u00eda de la ciudad est\u00e1 listo. Ahora se abre una etapa de di\u00e1logo y consenso para redactar la carta org\u00e1nica de la ciudad de Santa Fe.<\/p>\n","protected":false},"author":2,"featured_media":159458,"comment_status":"closed","ping_status":"closed","sticky":false,"template":"","format":"standard","meta":{"footnotes":""},"categories":[4],"tags":[10],"class_list":["post-159457","post","type-post","status-publish","format-standard","has-post-thumbnail","hentry","category-informe-politico","tag-santa-fe"],"_links":{"self":[{"href":"http:\/\/argentinamunicipal.com.ar\/argentina\/wp-json\/wp\/v2\/posts\/159457","targetHints":{"allow":["GET"]}}],"collection":[{"href":"http:\/\/argentinamunicipal.com.ar\/argentina\/wp-json\/wp\/v2\/posts"}],"about":[{"href":"http:\/\/argentinamunicipal.com.ar\/argentina\/wp-json\/wp\/v2\/types\/post"}],"author":[{"embeddable":true,"href":"http:\/\/argentinamunicipal.com.ar\/argentina\/wp-json\/wp\/v2\/users\/2"}],"replies":[{"embeddable":true,"href":"http:\/\/argentinamunicipal.com.ar\/argentina\/wp-json\/wp\/v2\/comments?post=159457"}],"version-history":[{"count":0,"href":"http:\/\/argentinamunicipal.com.ar\/argentina\/wp-json\/wp\/v2\/posts\/159457\/revisions"}],"wp:featuredmedia":[{"embeddable":true,"href":"http:\/\/argentinamunicipal.com.ar\/argentina\/wp-json\/wp\/v2\/media\/159458"}],"wp:attachment":[{"href":"http:\/\/argentinamunicipal.com.ar\/argentina\/wp-json\/wp\/v2\/media?parent=159457"}],"wp:term":[{"taxonomy":"category","embeddable":true,"href":"http:\/\/argentinamunicipal.com.ar\/argentina\/wp-json\/wp\/v2\/categories?post=159457"},{"taxonomy":"post_tag","embeddable":true,"href":"http:\/\/argentinamunicipal.com.ar\/argentina\/wp-json\/wp\/v2\/tags?post=159457"}],"curies":[{"name":"wp","href":"https:\/\/api.w.org\/{rel}","templated":true}]}}