{"id":159469,"date":"2025-09-20T05:21:46","date_gmt":"2025-09-20T08:21:46","guid":{"rendered":"http:\/\/argentinamunicipal.com.ar\/argentina\/?p=159469"},"modified":"2025-09-17T18:58:51","modified_gmt":"2025-09-17T21:58:51","slug":"villa-carlos-paz-30-anos-de-la-fiesta-de-la-primavera","status":"publish","type":"post","link":"http:\/\/argentinamunicipal.com.ar\/argentina\/villa-carlos-paz-30-anos-de-la-fiesta-de-la-primavera\/","title":{"rendered":"Villa Carlos Paz: 30 a\u00f1os de la Fiesta de la Primavera"},"content":{"rendered":"<p>Comenzaron los preparativos para una edici\u00f3n que ser\u00e1 hist\u00f3rica y se conocieron los primeros artistas.<\/p>\n<p>La ciudad de\u00a0\u00a0Villa Carlos Paz\u00a0anunci\u00f3\u00a0los preparativos para celebrar los 30 a\u00f1os de la Fiesta de la Primavera, uno de los eventos que la caracterizan a nivel nacional y que acompa\u00f1a el inicio de la temporada estudiantil en la Provincia de C\u00f3rdoba.\u00a0Este a\u00f1o, la celebraci\u00f3n se trasladar\u00e1 al s\u00e1bado 20 de septiembre y se confirm\u00f3 una grilla que suma al grupo \u00abDesaKTa2\u00bb y al rapero \u00abEcko\u00bb, aunque se ir\u00e1n sumando otros nombres en los pr\u00f3ximos d\u00edas.<\/p>\n<p>Se comenz\u00f3 a trabajar en la organizaci\u00f3n con la participaci\u00f3n de las fuerzas de seguridad, las instituciones intermedias y la conjunci\u00f3n entre el sector p\u00fablico y privado para consolidar un fin de semana con variadas propuestas.<\/p>\n<p>\u00abNo es una fiesta m\u00e1s, sino que son los 30 a\u00f1os de la Primavera en nuestra ciudad. Tenemos mucha historia de por medio. Creo que no hay joven de nuestra ciudad y obviamente de la Provincia de C\u00f3rdoba y a nivel nacional que no haya pasado por la Fiesta de la Primavera. Este a\u00f1o queremos festejarlo de esa manera. Venimos trabajando con todo el equipo, junto al intendente por una primavera sin alcohol, que sea familiar, pero que tambi\u00e9n tenga el condimento del divertimento que es lo que buscan los j\u00f3venes. Nos acompa\u00f1an tambi\u00e9n los boliches de nuestra ciudad. En esta ocasi\u00f3n, por una cuesti\u00f3n organizativa, se dispuso que la fiesta sea el s\u00e1bado 20 de septiembre y potenciar el movimiento del fin de semana. Habr\u00e1 acompa\u00f1amiento del sector privado con diferentes propuestas y tenemos algunos grupos confirmados\u00bb; destac\u00f3 el secretario de Turismo, Sebasti\u00e1n Boldrini.<\/p>\n<p>\u00abAdem\u00e1s, el d\u00eda viernes vamos a tener la Previa de la Primavera con m\u00e1s de 45 profes que van a estar con distintas actividades para que los j\u00f3venes puedan participar y tambi\u00e9n con la parte cultural.\u00a0Queremos que sea un fin de semana completo que se pueda trabajar de forma tur\u00edstica y haya un importante movimiento\u00bb; argument\u00f3 el funcionario.<\/p>\n<p>El intendente Esteban Avil\u00e9s puso en valor la importancia que tiene el evento para el calendario de la ciudad y sostuvo:\u00a0\u00abLa Primavera 2025 marca los 30 a\u00f1os de una celebraci\u00f3n que se nacionaliz\u00f3 y que surgi\u00f3 de un proceso con mucho trabajo y\u00a0responsabilidad de empresarios emblem\u00e1ticos de Carlos Paz que conformaron el Captur. Pero tambi\u00e9n de la fortaleza que aport\u00f3 Cadena 3 y que se sustent\u00f3 sobre una mirada vinculada a la identidad carlospacense. Es un producto que se\u00a0ha fortalecido con un mensaje obviamente vinculado a que no haya consumo de alcohol, con un concepto muy fuerte vinculado a la gratuidad y con la jerarqu\u00eda de un evento\u00a0complejo que sobrevivi\u00f3 a los procesos econ\u00f3micos que tuvo\u00a0el pa\u00eds durante los \u00faltimos 30 a\u00f1os.\u00a0Carlos Paz muestra solidez y una combinaci\u00f3n de la\u00a0parte p\u00fablica y privada que\u00a0trasciende. En lo personal, quiero agradecer a los carlospacenses que\u00a0han trabajado y han so\u00f1ado este evento y a los j\u00f3venes que nos eligen y vienen de todo el pa\u00eds\u00bb.<\/p>\n<p>\u00abTenemos el desaf\u00edo de levantar la vara, crear un evento especial que est\u00e9 a la altura de la historia. La Fiesta de la Primavera siempre es un un disparador para Carlos Paz, un producto diferente que pone en evidencia que los j\u00f3venes se pueden divertir con un evento sano y responsable\u00bb; a\u00f1adi\u00f3.<\/p>\n<p>El empresario Jon\u00e1s Testi habl\u00f3 en representaci\u00f3n del sector privado y dijo: \u00abLas cuatro discotecas \u00edcono de Carlos Paz siempre fuimos parte de este evento y esta vez, convocados por la Municipalidad, formamos parte activa de la organizaci\u00f3n. Vamos a trabajar juntos y cuando termine la celebraci\u00f3n en la costanera, arrancar\u00e1n las distintas propuestas en cada discoteca. Vamos a dar lo mejor de nosotros para hacer un gran festival con motivo de estos 30 a\u00f1os. Aprovecho para invitar a toda la comunidad de Carlos Paz a celebrar esta edici\u00f3n hist\u00f3rica de la Primavera sin Alcohol. En lo particular, recuerdo que cuando se fund\u00f3 el Captur (el ente que organiz\u00f3 la primera fiesta), estaban todos los empresarios y entre ellos, mi pap\u00e1. Eso me genera un recuerdo muy lindo y cualquier persona de mi edad, puede recordar lo que fue aquella primera primavera\u00bb.<\/p>\n<h6>Fuente:\u00a0 eldiariodecarlospaz.com.ar<\/h6>\n<p>&nbsp;<\/p>\n","protected":false},"excerpt":{"rendered":"<p>Comenzaron los preparativos para una edici\u00f3n que ser\u00e1 hist\u00f3rica y se conocieron los primeros artistas.<\/p>\n","protected":false},"author":2,"featured_media":159470,"comment_status":"closed","ping_status":"closed","sticky":false,"template":"","format":"standard","meta":{"footnotes":""},"categories":[47],"tags":[3],"class_list":["post-159469","post","type-post","status-publish","format-standard","has-post-thumbnail","hentry","category-fiestas","tag-cordoba"],"_links":{"self":[{"href":"http:\/\/argentinamunicipal.com.ar\/argentina\/wp-json\/wp\/v2\/posts\/159469","targetHints":{"allow":["GET"]}}],"collection":[{"href":"http:\/\/argentinamunicipal.com.ar\/argentina\/wp-json\/wp\/v2\/posts"}],"about":[{"href":"http:\/\/argentinamunicipal.com.ar\/argentina\/wp-json\/wp\/v2\/types\/post"}],"author":[{"embeddable":true,"href":"http:\/\/argentinamunicipal.com.ar\/argentina\/wp-json\/wp\/v2\/users\/2"}],"replies":[{"embeddable":true,"href":"http:\/\/argentinamunicipal.com.ar\/argentina\/wp-json\/wp\/v2\/comments?post=159469"}],"version-history":[{"count":1,"href":"http:\/\/argentinamunicipal.com.ar\/argentina\/wp-json\/wp\/v2\/posts\/159469\/revisions"}],"predecessor-version":[{"id":159541,"href":"http:\/\/argentinamunicipal.com.ar\/argentina\/wp-json\/wp\/v2\/posts\/159469\/revisions\/159541"}],"wp:featuredmedia":[{"embeddable":true,"href":"http:\/\/argentinamunicipal.com.ar\/argentina\/wp-json\/wp\/v2\/media\/159470"}],"wp:attachment":[{"href":"http:\/\/argentinamunicipal.com.ar\/argentina\/wp-json\/wp\/v2\/media?parent=159469"}],"wp:term":[{"taxonomy":"category","embeddable":true,"href":"http:\/\/argentinamunicipal.com.ar\/argentina\/wp-json\/wp\/v2\/categories?post=159469"},{"taxonomy":"post_tag","embeddable":true,"href":"http:\/\/argentinamunicipal.com.ar\/argentina\/wp-json\/wp\/v2\/tags?post=159469"}],"curies":[{"name":"wp","href":"https:\/\/api.w.org\/{rel}","templated":true}]}}