{"id":159503,"date":"2025-09-23T05:34:23","date_gmt":"2025-09-23T08:34:23","guid":{"rendered":"http:\/\/argentinamunicipal.com.ar\/argentina\/?p=159503"},"modified":"2025-09-17T18:34:58","modified_gmt":"2025-09-17T21:34:58","slug":"septiembre-musical-en-tucuman-64-anos-de-historia-y-mas-de-7-000-artistas","status":"publish","type":"post","link":"http:\/\/argentinamunicipal.com.ar\/argentina\/septiembre-musical-en-tucuman-64-anos-de-historia-y-mas-de-7-000-artistas\/","title":{"rendered":"Septiembre Musical en Tucum\u00e1n: 64 a\u00f1os de historia y m\u00e1s de 7.000 artistas"},"content":{"rendered":"<p>Del 31 de agosto al 29 de septiembre se celebra la 64 edici\u00f3n del Septiembre Musical, el festival art\u00edstico m\u00e1s importante de Tucum\u00e1n y uno de los m\u00e1s destacados del pa\u00eds. Organizado por el Ente Cultural de Tucum\u00e1n y acompa\u00f1ado por el Consejo Federal de Inversiones (CFI), esta edici\u00f3n contar\u00e1 con m\u00e1s de 7.000 artistas en 60 escenarios distribuidos por toda la provincia.<\/p>\n<p>El festival ofrece una programaci\u00f3n diversa, que abarca desde la m\u00fasica cl\u00e1sica hasta el rock, pasando por el jazz, el folklore, el tango y la m\u00fasica experimental. Se destacan nombres como\u00a0Nima Sarkechik\u00a0(pianista franc\u00e9s), Escalandrum (jazz),\u00a0Andrea \u00c1lvarez\u00a0(rock), Cuarteto Esteban Morgado, adem\u00e1s de artistas latinoamericanos y una s\u00f3lida presencia de m\u00fasicos tucumanos como\u00a0Manu Sija, Tucubanos y\u00a0Mariela Acotto.<\/p>\n<h6>Fuente: La Gaceta<\/h6>\n","protected":false},"excerpt":{"rendered":"<p>Del 31 de agosto al 29 de septiembre se celebra la 64 edici\u00f3n del Septiembre Musical, el festival art\u00edstico m\u00e1s importante de Tucum\u00e1n y uno de los m\u00e1s destacados del pa\u00eds.<\/p>\n","protected":false},"author":2,"featured_media":159521,"comment_status":"closed","ping_status":"closed","sticky":false,"template":"","format":"standard","meta":{"footnotes":""},"categories":[47],"tags":[33],"class_list":["post-159503","post","type-post","status-publish","format-standard","has-post-thumbnail","hentry","category-fiestas","tag-tucuman"],"_links":{"self":[{"href":"http:\/\/argentinamunicipal.com.ar\/argentina\/wp-json\/wp\/v2\/posts\/159503","targetHints":{"allow":["GET"]}}],"collection":[{"href":"http:\/\/argentinamunicipal.com.ar\/argentina\/wp-json\/wp\/v2\/posts"}],"about":[{"href":"http:\/\/argentinamunicipal.com.ar\/argentina\/wp-json\/wp\/v2\/types\/post"}],"author":[{"embeddable":true,"href":"http:\/\/argentinamunicipal.com.ar\/argentina\/wp-json\/wp\/v2\/users\/2"}],"replies":[{"embeddable":true,"href":"http:\/\/argentinamunicipal.com.ar\/argentina\/wp-json\/wp\/v2\/comments?post=159503"}],"version-history":[{"count":1,"href":"http:\/\/argentinamunicipal.com.ar\/argentina\/wp-json\/wp\/v2\/posts\/159503\/revisions"}],"predecessor-version":[{"id":159522,"href":"http:\/\/argentinamunicipal.com.ar\/argentina\/wp-json\/wp\/v2\/posts\/159503\/revisions\/159522"}],"wp:featuredmedia":[{"embeddable":true,"href":"http:\/\/argentinamunicipal.com.ar\/argentina\/wp-json\/wp\/v2\/media\/159521"}],"wp:attachment":[{"href":"http:\/\/argentinamunicipal.com.ar\/argentina\/wp-json\/wp\/v2\/media?parent=159503"}],"wp:term":[{"taxonomy":"category","embeddable":true,"href":"http:\/\/argentinamunicipal.com.ar\/argentina\/wp-json\/wp\/v2\/categories?post=159503"},{"taxonomy":"post_tag","embeddable":true,"href":"http:\/\/argentinamunicipal.com.ar\/argentina\/wp-json\/wp\/v2\/tags?post=159503"}],"curies":[{"name":"wp","href":"https:\/\/api.w.org\/{rel}","templated":true}]}}