{"id":159505,"date":"2025-10-17T05:00:49","date_gmt":"2025-10-17T08:00:49","guid":{"rendered":"http:\/\/argentinamunicipal.com.ar\/argentina\/?p=159505"},"modified":"2025-10-16T05:44:07","modified_gmt":"2025-10-16T08:44:07","slug":"el-pueblo-correntino-donde-el-rio-corrientes-se-une-al-parana-y-la-historia-late-en-cada-rincon","status":"publish","type":"post","link":"http:\/\/argentinamunicipal.com.ar\/argentina\/el-pueblo-correntino-donde-el-rio-corrientes-se-une-al-parana-y-la-historia-late-en-cada-rincon\/","title":{"rendered":"El pueblo correntino donde el r\u00edo Corrientes se une al Paran\u00e1 y la historia late en cada rinc\u00f3n"},"content":{"rendered":"<p>Entre naturaleza, historia y el recuerdo eterno de Maradona, este destino del sur de Corrientes se consolida como uno de los rincones m\u00e1gicos de la Argentina.<\/p>\n<p>En el sur de la provincia de\u00a0Corrientes,\u00a0donde el\u00a0r\u00edo Paran\u00e1\u00a0se une con el r\u00edo Corriente, aparece Esquina, un\u00a0pueblo\u00a0que se ha convertido en im\u00e1n para turistas de todo el pa\u00eds. Con un entorno natural \u00fanico y un fuerte arraigo hist\u00f3rico, esta ciudad ofrece una experiencia que combina descanso, cultura y tradici\u00f3n.<\/p>\n<p>La historia de Esquina se remonta a finales del siglo XVIII. En 1782 se levant\u00f3 la posta en tierras de Benito Lamela, inmigrante espa\u00f1ol que a\u00f1os m\u00e1s tarde mand\u00f3 construir una capilla en honor a Santa Rita de Casia. La capilla p\u00fablica fue inaugurada en 1799 y desde entonces la patrona se convirti\u00f3 en el coraz\u00f3n espiritual de la ciudad.<\/p>\n<p>La localidad fue oficialmente fundada el 10 de febrero de 1806, pero no estuvo exenta de conflictos. Durante las guerras civiles sufri\u00f3 dos destrucciones: primero en 1839, tras la derrota de Pago Largo, y luego en 1840, cuando sus habitantes se dispersaron por orden del gobierno provincial. Reci\u00e9n en 1846 fue reconstruida sobre las barrancas del r\u00edo Corriente, consolid\u00e1ndose como un puerto clave para la salida de productos del sur correntino.<\/p>\n<p><strong>Este rinc\u00f3n de Corrientes te puede enamorar<\/strong><br \/>\nEl atractivo natural de Esquina es uno de sus mayores tesoros. Sus islas, esteros y riachos forman un delta de 42 kil\u00f3metros de ancho que regala paisajes ideales para quienes disfrutan de la pesca deportiva, el avistaje de aves y la fotograf\u00eda.<\/p>\n<p>Dorados, surub\u00edes y tarariras abundan en sus aguas, mientras que en los cielos se dejan ver garzas moras, monjitas blancas, aguiluchos colorados y patos cuchara.<\/p>\n<p>El turismo rural es una de sus propuestas m\u00e1s aut\u00e9nticas. Estancias y hospedajes invitan a los visitantes a participar en actividades t\u00edpicas de la vida campestre, desde la crianza de ganado hasta la cosecha de cultivos, pasando por cabalgatas, paseos en carreta y la degustaci\u00f3n de platos regionales preparados con productos frescos de la zona. Esta conexi\u00f3n con la comunidad y con las costumbres locales convierte a Esquina\u00a0en un destino distinto, donde el tiempo parece detenerse.<\/p>\n<p><strong>El v\u00ednculo con Diego Maradona<\/strong><br \/>\nM\u00e1s all\u00e1 de sus paisajes y su historia, Esquina tambi\u00e9n guarda una relaci\u00f3n especial con Diego Armando Maradona. All\u00ed nacieron sus padres, Don Diego y Do\u00f1a Tota, y el astro del f\u00fatbol sol\u00eda visitar la ciudad para disfrutar de la pesca y jugar partidos informales con vecinos y amigos.<\/p>\n<p>En homenaje a esa relaci\u00f3n, se construy\u00f3 la costanera \u201cDiego Armando Maradona\u201d, un paseo con senderos, juegos, iluminaci\u00f3n LED y un monolito que recuerda la casa familiar. Hoy se ha convertido en un lugar de encuentro para locales y turistas, donde la figura del \u201cDiez\u201d se mezcla con la identidad correntina.<\/p>\n<p>C\u00f3mo llegar a Esquina<br \/>\nLa ciudad se encuentra a 329 km de la capital correntina, 668 km de Buenos Aires y 280 km de Santa Fe. Desde la capital\u00a0argentina, el acceso m\u00e1s directo es por la Ruta Nacional 9 hasta empalmar con la Ruta Nacional 12 y luego tomar la Ruta Provincial 6, que atraviesa Entre R\u00edos hacia el norte. Son poco m\u00e1s de 640 km de viaje, que culminan frente a las aguas tranquilas del r\u00edo Corriente.<\/p>\n<h6>Fuente: MDZ<\/h6>\n","protected":false},"excerpt":{"rendered":"<p>Entre naturaleza, historia y el recuerdo eterno de Maradona, este destino del sur de Corrientes se consolida como uno de los rincones m\u00e1gicos de la Argentina.<\/p>\n","protected":false},"author":2,"featured_media":159519,"comment_status":"closed","ping_status":"closed","sticky":false,"template":"","format":"standard","meta":{"footnotes":""},"categories":[87],"tags":[13],"class_list":["post-159505","post","type-post","status-publish","format-standard","has-post-thumbnail","hentry","category-turismo","tag-corrientes"],"_links":{"self":[{"href":"http:\/\/argentinamunicipal.com.ar\/argentina\/wp-json\/wp\/v2\/posts\/159505","targetHints":{"allow":["GET"]}}],"collection":[{"href":"http:\/\/argentinamunicipal.com.ar\/argentina\/wp-json\/wp\/v2\/posts"}],"about":[{"href":"http:\/\/argentinamunicipal.com.ar\/argentina\/wp-json\/wp\/v2\/types\/post"}],"author":[{"embeddable":true,"href":"http:\/\/argentinamunicipal.com.ar\/argentina\/wp-json\/wp\/v2\/users\/2"}],"replies":[{"embeddable":true,"href":"http:\/\/argentinamunicipal.com.ar\/argentina\/wp-json\/wp\/v2\/comments?post=159505"}],"version-history":[{"count":1,"href":"http:\/\/argentinamunicipal.com.ar\/argentina\/wp-json\/wp\/v2\/posts\/159505\/revisions"}],"predecessor-version":[{"id":159520,"href":"http:\/\/argentinamunicipal.com.ar\/argentina\/wp-json\/wp\/v2\/posts\/159505\/revisions\/159520"}],"wp:featuredmedia":[{"embeddable":true,"href":"http:\/\/argentinamunicipal.com.ar\/argentina\/wp-json\/wp\/v2\/media\/159519"}],"wp:attachment":[{"href":"http:\/\/argentinamunicipal.com.ar\/argentina\/wp-json\/wp\/v2\/media?parent=159505"}],"wp:term":[{"taxonomy":"category","embeddable":true,"href":"http:\/\/argentinamunicipal.com.ar\/argentina\/wp-json\/wp\/v2\/categories?post=159505"},{"taxonomy":"post_tag","embeddable":true,"href":"http:\/\/argentinamunicipal.com.ar\/argentina\/wp-json\/wp\/v2\/tags?post=159505"}],"curies":[{"name":"wp","href":"https:\/\/api.w.org\/{rel}","templated":true}]}}