{"id":159597,"date":"2025-09-22T04:40:38","date_gmt":"2025-09-22T07:40:38","guid":{"rendered":"http:\/\/argentinamunicipal.com.ar\/argentina\/?p=159597"},"modified":"2025-09-18T18:42:51","modified_gmt":"2025-09-18T21:42:51","slug":"gobernador-de-tierra-del-fuego-este-modelo-va-a-terminar-generando-un-colapso-social-muy-grande","status":"publish","type":"post","link":"http:\/\/argentinamunicipal.com.ar\/argentina\/gobernador-de-tierra-del-fuego-este-modelo-va-a-terminar-generando-un-colapso-social-muy-grande\/","title":{"rendered":"Gobernador de Tierra del Fuego: \u201cEste modelo va a terminar generando un colapso social muy grande\u201d"},"content":{"rendered":"<p>El gobernador Gustavo Melella se refiri\u00f3 al rumbo econ\u00f3mico del Gobierno Nacional y dijo que el cambio de discurso de Milei fue una estrategia \u00abpara mostrarse m\u00e1s permeable\u00bb aunque pese a elloconsider\u00f3 que \u00abes la misma motosierra\u00bb.<\/p>\n<p>El gobernador Gustavo Melella hizo un an\u00e1lisis del mensaje del presidente Javier Milei sobre el Presupuesto Nacional 2026 donde el mandatario nacional se mostr\u00f3 m\u00e1s permeable a lograr consenso con los gobernadores. No obstante para Melella \u00abtuvo que ver con un discurso pos electoral para mostrarse m\u00e1s permeable, pero no, es la misma motosierra del ajuste y van a ir por m\u00e1s\u201d.<\/p>\n<p>En ese sentido, el Mandatario evalu\u00f3 en declaraciones a FM Espect\u00e1culo que el mensaje \u201cfue una cuesti\u00f3n de manotazo de ahogado, de un modelo econ\u00f3mico que est\u00e1 colapsado y fue un discurso para tratar de calmar algunas cosas con datos que son irreales\u201d.<\/p>\n<p>\u201cEn el fondo siguen siendo lo mismo, con un modelo econ\u00f3mico totalmente agotado\u201d insisti\u00f3 el Gobernador y a la vez analiz\u00f3 que \u201clamentablemente hoy la actividad industrial; la del turismo; la producci\u00f3n; la pesca; pierden permanentemente y perd\u00e9s empleo todos los d\u00edas\u201d.<\/p>\n<p>De igual modo, Melella evalu\u00f3 que \u201clas actividades econ\u00f3micas que m\u00e1s empleo generan sufren bajas y perdidas constantemente, entonces es muy dif\u00edcil sostener un modelo econ\u00f3mico y de pa\u00eds as\u00ed. Por eso insisto que para m\u00ed tuvo que ver con un discurso pos electoral de aparentar ser m\u00e1s permeable, pero no, es la misma motosierra y van a ir por m\u00e1s\u201d.<\/p>\n<p>Asimismo, consider\u00f3 que \u201ceste modelo va a terminar generando un colapso social muy grande, es preocupante y hay que ponerle un freno\u201d y analiz\u00f3 que \u201cel Garrahan y la educaci\u00f3n p\u00fablica, es un l\u00edmite\u201d.<\/p>\n<p>\u00abOjal\u00e1 se trate y se discuta el presupuesto, pero lo veo dif\u00edcil e incluso no estoy convencido que quieran que se apruebe\u00bb concluy\u00f3 Melella.<\/p>\n<h6>Fuente: reporteaustral<\/h6>\n","protected":false},"excerpt":{"rendered":"<p>El gobernador Gustavo Melella se refiri\u00f3 al rumbo econ\u00f3mico del Gobierno Nacional y dijo que el cambio de discurso de Milei fue una estrategia \u00abpara mostrarse m\u00e1s permeable\u00bb aunque pese a elloconsider\u00f3 que \u00abes la misma motosierra\u00bb.<\/p>\n","protected":false},"author":2,"featured_media":159598,"comment_status":"closed","ping_status":"closed","sticky":false,"template":"","format":"standard","meta":{"footnotes":""},"categories":[4],"tags":[34],"class_list":["post-159597","post","type-post","status-publish","format-standard","has-post-thumbnail","hentry","category-informe-politico","tag-tierra-del-fuego"],"_links":{"self":[{"href":"http:\/\/argentinamunicipal.com.ar\/argentina\/wp-json\/wp\/v2\/posts\/159597","targetHints":{"allow":["GET"]}}],"collection":[{"href":"http:\/\/argentinamunicipal.com.ar\/argentina\/wp-json\/wp\/v2\/posts"}],"about":[{"href":"http:\/\/argentinamunicipal.com.ar\/argentina\/wp-json\/wp\/v2\/types\/post"}],"author":[{"embeddable":true,"href":"http:\/\/argentinamunicipal.com.ar\/argentina\/wp-json\/wp\/v2\/users\/2"}],"replies":[{"embeddable":true,"href":"http:\/\/argentinamunicipal.com.ar\/argentina\/wp-json\/wp\/v2\/comments?post=159597"}],"version-history":[{"count":1,"href":"http:\/\/argentinamunicipal.com.ar\/argentina\/wp-json\/wp\/v2\/posts\/159597\/revisions"}],"predecessor-version":[{"id":159599,"href":"http:\/\/argentinamunicipal.com.ar\/argentina\/wp-json\/wp\/v2\/posts\/159597\/revisions\/159599"}],"wp:featuredmedia":[{"embeddable":true,"href":"http:\/\/argentinamunicipal.com.ar\/argentina\/wp-json\/wp\/v2\/media\/159598"}],"wp:attachment":[{"href":"http:\/\/argentinamunicipal.com.ar\/argentina\/wp-json\/wp\/v2\/media?parent=159597"}],"wp:term":[{"taxonomy":"category","embeddable":true,"href":"http:\/\/argentinamunicipal.com.ar\/argentina\/wp-json\/wp\/v2\/categories?post=159597"},{"taxonomy":"post_tag","embeddable":true,"href":"http:\/\/argentinamunicipal.com.ar\/argentina\/wp-json\/wp\/v2\/tags?post=159597"}],"curies":[{"name":"wp","href":"https:\/\/api.w.org\/{rel}","templated":true}]}}