{"id":15961,"date":"2014-10-07T08:48:13","date_gmt":"2014-10-07T11:48:13","guid":{"rendered":"http:\/\/argentinamunicipal.com.ar\/argentina\/?p=15961"},"modified":"2014-10-07T08:48:13","modified_gmt":"2014-10-07T11:48:13","slug":"monumento-historico-nacional-el-puente-colgante-es-un-orgullo-para-los-santafesinos","status":"publish","type":"post","link":"http:\/\/argentinamunicipal.com.ar\/argentina\/monumento-historico-nacional-el-puente-colgante-es-un-orgullo-para-los-santafesinos\/","title":{"rendered":"Monumento Hist\u00f3rico Nacional: \u201cEl Puente Colgante es un orgullo para los santafesinos\u201d"},"content":{"rendered":"<p><a href=\"http:\/\/argentinamunicipal.com.ar\/argentina\/wp-content\/uploads\/2014\/10\/puente-colgante.jpg\"><img loading=\"lazy\" decoding=\"async\" class=\"aligncenter size-full wp-image-15962\" src=\"http:\/\/argentinamunicipal.com.ar\/argentina\/wp-content\/uploads\/2014\/10\/puente-colgante.jpg\" alt=\"puente colgante\" width=\"820\" height=\"615\" srcset=\"http:\/\/argentinamunicipal.com.ar\/argentina\/wp-content\/uploads\/2014\/10\/puente-colgante.jpg 820w, http:\/\/argentinamunicipal.com.ar\/argentina\/wp-content\/uploads\/2014\/10\/puente-colgante-300x225.jpg 300w\" sizes=\"auto, (max-width: 820px) 100vw, 820px\" \/><\/a><br \/>\nLo dijo el intendente Corral, al conocerse la resoluci\u00f3n de la Comisi\u00f3n Nacional de Museos y de Monumentos y Lugares Hist\u00f3ricos, que valora que \u201cla relaci\u00f3n entre Santa Fe y el Puente Colgante conforma una imagen simb\u00f3lica que es parte inseparable de la identidad e idiosincrasia de la regi\u00f3n\u201d.<br \/>\n\u201cM\u00e1s santafesino que el Puente Colgante\u201d, dice el dicho. Y s\u00ed, c\u00f3mo negarlo. El Puente Colgante es un s\u00edmbolo indiscutible de la ciudad. El mismo que se cay\u00f3 en 1983 y volvi\u00f3 a erigirse entre 2001 y 2002, en octubre de 2014 se convierte en Monumento Hist\u00f3rico Nacional.<\/p>\n<p>La noticia que enorgullece a los santafesinos se inicia hace dos a\u00f1os atr\u00e1s, con la convocatoria del senador por el Departamento La Capital, Hugo Marcucci, a la Comisi\u00f3n Nacional de Museos y de Monumentos y Lugares Hist\u00f3ricos. Ese pedido -acompa\u00f1ado entonces por el intendente Jos\u00e9 Corral-, tuvo respuesta favorable bas\u00e1ndose en que \u201cla relaci\u00f3n entre la ciudad de Santa Fe y el Puente Colgante conforma una imagen simb\u00f3lica que es parte inseparable de la identidad e idiosincrasia de la regi\u00f3n\u201d.<\/p>\n<p>\u201cEs un orgullo para los santafesinos que el Puente Colgante, que es el s\u00edmbolo de la ciudad, sea reconocido como Monumento Hist\u00f3rico Nacional. Apoyamos desde un principio las gestiones del senador Hugo Marcucci para que este reconocimiento sea realidad\u201d, indic\u00f3 Jos\u00e9 Corral esta ma\u00f1ana.<\/p>\n<p>En ese sentido, el intendente agreg\u00f3 que \u201cel Puente Colgante es una postal de la ciudad. Es aquello que nos identifica como imagen, y no es casualidad porque tiene un encanto especial y un valor arquitect\u00f3nico por s\u00ed mismo. Pero a su vez tiene que ver con la historia de la ciudad\u201d.<\/p>\n<h3>Gestiones<\/h3>\n<p>Cabe recordar que en el mes de marzo se concret\u00f3 un encuentro entre el senador y el mandatario para impulsar la iniciativa que acaba de concretase. De aquel encuentro, que se realiz\u00f3 en el Palacio Municipal, participaron adem\u00e1s representantes de la Universidad Nacional del Litoral, del Ministerio de Innovaci\u00f3n y Cultura de la Provincia, de la Universidad Cat\u00f3lica, de la UTN Facultad Regional Santa Fe, del Colegio de Profesionales de la Ingenier\u00eda Civil, del Colegio de Arquitectos de Santa Fe, entre otras instituciones.<\/p>\n<h3>Historia de un s\u00edmbolo<\/h3>\n<p>El Puente fue construido a principios del siglo XX (1924). Naci\u00f3 como acueducto para trasladar el agua desde el r\u00edo Colastin\u00e9, pero desde su inauguraci\u00f3n signific\u00f3 el s\u00edmbolo de la uni\u00f3n de los pueblos con una arquitectura de jerarqu\u00eda internacional. Y fue desde siempre el s\u00edmbolo de esa entra\u00f1able relaci\u00f3n que tiene nuestra ciudad con el r\u00edo. Cabe recordar, que fue el \u00fanico paso vehicular hacia el Este hasta la construcci\u00f3n del viaducto Oro\u00f1o, comenzado en 1968 y concluido en 1971. Ambos puentes se encuentran apenas separados entre s\u00ed.<\/p>\n<p>\u201cEl \u00edcono arquitect\u00f3nico es la demostraci\u00f3n de que cuando hay decisi\u00f3n, trabajo e inteligencia es posible superar los m\u00e1s complejos desaf\u00edos y, junto al T\u00fanel Subfluvial, nos identifica como santafesinos\u201d, remarc\u00f3 Jos\u00e9 Corral sobre el Puente Colgante, y no dej\u00f3 de se\u00f1alar que \u201ctambi\u00e9n nos recuerda la gran inundaci\u00f3n de 1983, cuando el agua lo hizo caer y la desidia lo abandon\u00f3 por mucho tiempo. Hasta que fue reconstruido y hoy es el emblema de la ciudad y del pa\u00eds\u201d.<\/p>\n<h3>Obra maestra<\/h3>\n<p>El Puente Colgante es una estructura semirr\u00edgida, construido por el Sistema Gischard, de tres tramos, con dos pilares trucados a 26,20 m de profundidad. El viaducto cruza la Laguna Set\u00fabal, uniendo las avenidas Costanera Oeste y Este que bordean ambas m\u00e1rgenes, y es nexo del resto de las localidades ubicadas hacia el este (La Guardia, Colastin\u00e9, Rinc\u00f3n o Paran\u00e1).<\/p>\n<p>Construido en el a\u00f1o 1924, se convirti\u00f3 en un s\u00edmbolo de esta capital. El 28 de septiembre de 1983, ante la mirada at\u00f3nita de vecinos y periodistas, cay\u00f3 parte del puente al no poder sostenerse de pie ante una de las peores inundaciones. Un segmento del puente qued\u00f3 hundido en la Laguna Set\u00fabal y se recuper\u00f3 en 1984. Partes de la estructura, que durmieron algunos a\u00f1os en el puerto, fueron vendidas durante la administraci\u00f3n que encabez\u00f3 el justicialista Jos\u00e9 Mar\u00eda Vernet.<\/p>\n<p>Reci\u00e9n en 2001, la ciudad recuper\u00f3 su emblema. El puente, una vez reconstruido, preserv\u00f3 los elementos originales, integr\u00e1ndolos a los nuevos y contrast\u00e1ndolos, sin romper la unidad visual de la obra. El detalle sobresaliente es que la antena oeste es la original, armada en el a\u00f1o 1924. La nueva antena se diferencia de la antigua es que carece de remaches, siendo sus uniones realizadas por soldadura.<\/p>\n<h6>Fuente: Uno, Santa Fe<\/h6>\n","protected":false},"excerpt":{"rendered":"<p>Lo dijo el intendente Corral, al conocerse la resoluci\u00f3n de la Comisi\u00f3n Nacional de Museos y de Monumentos y Lugares Hist\u00f3ricos, que valora que \u201cla relaci\u00f3n entre Santa Fe y el Puente Colgante conforma una imagen simb\u00f3lica que es parte inseparable de la identidad e idiosincrasia de la regi\u00f3n\u201d. \u201cM\u00e1s santafesino que el Puente Colgante\u201d,<\/p>\n","protected":false},"author":2,"featured_media":15962,"comment_status":"closed","ping_status":"closed","sticky":false,"template":"","format":"standard","meta":{"footnotes":""},"categories":[8],"tags":[10],"class_list":["post-15961","post","type-post","status-publish","format-standard","has-post-thumbnail","hentry","category-informe-nacional","tag-santa-fe"],"_links":{"self":[{"href":"http:\/\/argentinamunicipal.com.ar\/argentina\/wp-json\/wp\/v2\/posts\/15961","targetHints":{"allow":["GET"]}}],"collection":[{"href":"http:\/\/argentinamunicipal.com.ar\/argentina\/wp-json\/wp\/v2\/posts"}],"about":[{"href":"http:\/\/argentinamunicipal.com.ar\/argentina\/wp-json\/wp\/v2\/types\/post"}],"author":[{"embeddable":true,"href":"http:\/\/argentinamunicipal.com.ar\/argentina\/wp-json\/wp\/v2\/users\/2"}],"replies":[{"embeddable":true,"href":"http:\/\/argentinamunicipal.com.ar\/argentina\/wp-json\/wp\/v2\/comments?post=15961"}],"version-history":[{"count":0,"href":"http:\/\/argentinamunicipal.com.ar\/argentina\/wp-json\/wp\/v2\/posts\/15961\/revisions"}],"wp:featuredmedia":[{"embeddable":true,"href":"http:\/\/argentinamunicipal.com.ar\/argentina\/wp-json\/wp\/v2\/media\/15962"}],"wp:attachment":[{"href":"http:\/\/argentinamunicipal.com.ar\/argentina\/wp-json\/wp\/v2\/media?parent=15961"}],"wp:term":[{"taxonomy":"category","embeddable":true,"href":"http:\/\/argentinamunicipal.com.ar\/argentina\/wp-json\/wp\/v2\/categories?post=15961"},{"taxonomy":"post_tag","embeddable":true,"href":"http:\/\/argentinamunicipal.com.ar\/argentina\/wp-json\/wp\/v2\/tags?post=15961"}],"curies":[{"name":"wp","href":"https:\/\/api.w.org\/{rel}","templated":true}]}}