{"id":159667,"date":"2025-09-24T04:58:43","date_gmt":"2025-09-24T07:58:43","guid":{"rendered":"http:\/\/argentinamunicipal.com.ar\/argentina\/?p=159667"},"modified":"2025-09-23T19:01:35","modified_gmt":"2025-09-23T22:01:35","slug":"crisis-en-allen-protestas-por-falta-de-agua-y-polemica-por-basura-que-llego-a-fernandez-oro","status":"publish","type":"post","link":"http:\/\/argentinamunicipal.com.ar\/argentina\/crisis-en-allen-protestas-por-falta-de-agua-y-polemica-por-basura-que-llego-a-fernandez-oro\/","title":{"rendered":"Crisis en Allen: protestas por falta de agua y pol\u00e9mica por basura que lleg\u00f3 a Fern\u00e1ndez Oro"},"content":{"rendered":"<p>Vecinos cortaron un acceso al basural en reclamo por la falta del servicio b\u00e1sico, mientras crece la tensi\u00f3n por el destino de los residuos acumulados en la ciudad.<\/p>\n<p>La gesti\u00f3n del intendente de Allen, Marcelo Rom\u00e1n, atraviesa otro momento cr\u00edtico. A la par\u00e1lisis de servicios provocada por el paro de trabajadores municipales y la clausura de los camiones del corral\u00f3n, se sum\u00f3 las protestas vecinales por la falta de agua potable y el ingreso no autorizado de residuos al basural de Fern\u00e1ndez Oro.<\/p>\n<p>La basura comenz\u00f3 a acumularse en las esquinas de Allen tras la reducci\u00f3n del servicio de colecci\u00f3n por parte de los trabajadores municipales en reclamo por mejores condiciones laborales y la clausura de los veh\u00edculos del corral\u00f3n por parte de Provincia.<\/p>\n<p>Frente a esta situaci\u00f3n el propio intendente, junto a un concejal, sali\u00f3 con un cami\u00f3n particular a levantar bolsas en la v\u00eda p\u00fablica. Sin embargo, el panorama se complic\u00f3 a\u00fan m\u00e1s cuando un grupo de vecinos de los barrios Aeroclub y Huemul decidi\u00f3 cortar una de las calles de acceso al basural. Denuncian que llevan meses sin agua y que las soluciones que se prometen \u00abnunca llegan\u00bb.<\/p>\n<p>En paralelo, aparecieron tensiones con la localidad vecina de Fern\u00e1ndez Oro, donde\u00a0el intendente Gustavo Amati confirm\u00f3 a Diario R\u00cdO NEGRO\u00a0el ingreso de un cami\u00f3n particular con residuos provenientes de Allen sin autorizaci\u00f3n ni identificaci\u00f3n.<\/p>\n<p><strong>Tensi\u00f3n con Fern\u00e1ndez Oro por el ingreso de basura<\/strong><br \/>\nLa crisis de Allen tambi\u00e9n salpic\u00f3 a la vecina localidad de Fern\u00e1ndez Oro, donde el intendente Gustavo Amati confirm\u00f3 a este medio que hace unos d\u00edas, un cami\u00f3n que llevaba residuos de Allen ingres\u00f3 sin autorizaci\u00f3n ni aviso. Seg\u00fan relat\u00f3, se enteraron por una radio local de que estaban enviando veh\u00edculos particulares desde Allen y lograron frenar al segundo.<\/p>\n<p>\u201cNos lleg\u00f3 el aviso y dimos alerta al personal.\u00a0Pudimos detener el ingreso antes de que ingresara\u201d, explic\u00f3 Amati, quien subray\u00f3 que nunca se le pidi\u00f3 autorizaci\u00f3n al municipio orense para disponer basura en su predio.<\/p>\n<p>El jefe comunal destac\u00f3 que\u00a0desde su gesti\u00f3n trabajan para ordenar el basural y evitar que se repitan los desbordes de a\u00f1os anteriores.\u00a0\u201cTenemos cinco trabajadores que se turnan las 24 horas. Acondicionamos una casilla con todas las comodidades para que controlen lo que pasa en el predio\u201d, detall\u00f3.<\/p>\n<p>Amati se\u00f1al\u00f3 que los guardias organizan la descarga de los vecinos de Oro para mantener cierto orden. Adem\u00e1s, aclar\u00f3 que cualquier transporte de basura desde otra localidad debe pagar y pasar por un control de la direcci\u00f3n de Ambiente. \u201cSe eval\u00faa la cantidad y si es viable el ingreso. La idea es reducir los residuos a partir del reciclaje\u201d, remarc\u00f3.<\/p>\n<p>El intendente se\u00f1al\u00f3 que el municipio \u00abno tiene problema en ayudar a un municipio vecino\u00bb, pero que con la finalidad de mantener el orden\u00a0pide que se solicite con tiempo as\u00ed pueden evaluar con la direcci\u00f3n de ambiente las posibilidades de recibir determinada cantidad de residuo.<\/p>\n<p><strong>Vecinos de Allen cortaron uno de los accesos al basural en reclamo por la falta de agua potable<\/strong><\/p>\n<p>El conflicto tom\u00f3 fuerza en los barrios Aeroclub y Huemul, donde las familias vienen reclamando desde hace meses el acceso a agua potable. La falta del servicio b\u00e1sico deriv\u00f3 en el corte de uno de los caminos que lleva al basural de Allen, como medida de presi\u00f3n para \u00abobtener respuestas\u00bb.<\/p>\n<p>Ante el avance de la protesta, Provincia envi\u00f3 dos camiones cisterna para abastecer de manera provisoria. Sin embargo,\u00a0los vecinos aseguran que el problema es mucho m\u00e1s profundo y que se arrastra desde hace a\u00f1os.\u00a0\u201cCada gesti\u00f3n promete y despu\u00e9s se olvida\u201d, resumi\u00f3 Karina, una de las vecinas que particip\u00f3 de la protesta.<\/p>\n<p>La vecina del barrio Aeroclub explic\u00f3 que el DPA ya tiene la red de agua en la zona, pero nunca se concret\u00f3 la conexi\u00f3n. \u201cNosotros nos organizamos y ofrecimos para comprar los ca\u00f1os, pero pedimos que nos den el agua. Se pasan la pelota entre ellos\u201d, se\u00f1al\u00f3. Adem\u00e1s, seg\u00fan cont\u00f3, actualmente los barrios se abastecen de agua a partir de camiones que manda el municipio.\u00a0\u00abEl reparto de agua era de cuatro veces a la semana, pero la crisis municipal termin\u00f3 reduciendo las entregas a una sola por semana y cuando el cami\u00f3n se rompe, directamente no viene\u00bb, afirm\u00f3 Karina.<\/p>\n<p>Tambi\u00e9n se\u00f1al\u00f3 que el servicio es deficiente: \u201cContrataron un cami\u00f3n sin bomba y hay muchas casas que no pueden cargar\u201d, agreg\u00f3.\u00a0El \u00faltimo env\u00edo, anunciado como un gesto del gobernador, tampoco resolvi\u00f3 la situaci\u00f3n.\u00a0\u201cEl cami\u00f3n se quedaba y tuvieron que llamar a otro del DPA que s\u00ed ten\u00eda bomba\u201d, relat\u00f3.<\/p>\n<p>Mientras esperan una soluci\u00f3n de fondo,\u00a0los vecinos eval\u00faan continuar con las medidas de fuerza si no se garantiza el acceso al agua, sin embargo, seg\u00fan explic\u00f3 Karina \u00abfalta acompa\u00f1amiento de los vecinos\u00bb:\u00a0\u00abNosotros hicimos el corte y la gente nos trataba mal porque quer\u00edan ir a tirar la basura, que por el paro de los municipales se acumul\u00f3, pero como cortamos la tiraron al costado y ahora est\u00e1 todo contaminado\u00bb, sostuvo.<\/p>\n<p>\u00abEstamos haciendo corte porque nosotros tambi\u00e9n somos gente y\u00a0merecemos tambi\u00e9n los mismos servicios, no queremos que nos regalen nada, queremos pagar\u00ab, afirm\u00f3 la vecina del barrio afectado.<\/p>\n<h6>Fuente. R\u00edo Negro<\/h6>\n","protected":false},"excerpt":{"rendered":"<p>Vecinos cortaron un acceso al basural en reclamo por la falta del servicio b\u00e1sico, mientras crece la tensi\u00f3n por el destino de los residuos acumulados en la ciudad.<\/p>\n","protected":false},"author":2,"featured_media":159668,"comment_status":"closed","ping_status":"closed","sticky":false,"template":"","format":"standard","meta":{"footnotes":""},"categories":[2],"tags":[11],"class_list":["post-159667","post","type-post","status-publish","format-standard","has-post-thumbnail","hentry","category-informe-municipal","tag-rio-negro"],"_links":{"self":[{"href":"http:\/\/argentinamunicipal.com.ar\/argentina\/wp-json\/wp\/v2\/posts\/159667","targetHints":{"allow":["GET"]}}],"collection":[{"href":"http:\/\/argentinamunicipal.com.ar\/argentina\/wp-json\/wp\/v2\/posts"}],"about":[{"href":"http:\/\/argentinamunicipal.com.ar\/argentina\/wp-json\/wp\/v2\/types\/post"}],"author":[{"embeddable":true,"href":"http:\/\/argentinamunicipal.com.ar\/argentina\/wp-json\/wp\/v2\/users\/2"}],"replies":[{"embeddable":true,"href":"http:\/\/argentinamunicipal.com.ar\/argentina\/wp-json\/wp\/v2\/comments?post=159667"}],"version-history":[{"count":1,"href":"http:\/\/argentinamunicipal.com.ar\/argentina\/wp-json\/wp\/v2\/posts\/159667\/revisions"}],"predecessor-version":[{"id":159669,"href":"http:\/\/argentinamunicipal.com.ar\/argentina\/wp-json\/wp\/v2\/posts\/159667\/revisions\/159669"}],"wp:featuredmedia":[{"embeddable":true,"href":"http:\/\/argentinamunicipal.com.ar\/argentina\/wp-json\/wp\/v2\/media\/159668"}],"wp:attachment":[{"href":"http:\/\/argentinamunicipal.com.ar\/argentina\/wp-json\/wp\/v2\/media?parent=159667"}],"wp:term":[{"taxonomy":"category","embeddable":true,"href":"http:\/\/argentinamunicipal.com.ar\/argentina\/wp-json\/wp\/v2\/categories?post=159667"},{"taxonomy":"post_tag","embeddable":true,"href":"http:\/\/argentinamunicipal.com.ar\/argentina\/wp-json\/wp\/v2\/tags?post=159667"}],"curies":[{"name":"wp","href":"https:\/\/api.w.org\/{rel}","templated":true}]}}