{"id":159683,"date":"2025-09-24T05:24:40","date_gmt":"2025-09-24T08:24:40","guid":{"rendered":"http:\/\/argentinamunicipal.com.ar\/argentina\/?p=159683"},"modified":"2025-09-23T19:30:00","modified_gmt":"2025-09-23T22:30:00","slug":"el-estudiantado-de-jujuy-recibe-a-la-primavera-con-una-megafiesta-de-diez-dias","status":"publish","type":"post","link":"http:\/\/argentinamunicipal.com.ar\/argentina\/el-estudiantado-de-jujuy-recibe-a-la-primavera-con-una-megafiesta-de-diez-dias\/","title":{"rendered":"El estudiantado de Jujuy recibe a la primavera con una megafiesta de diez d\u00edas"},"content":{"rendered":"<p>Multitudinarios desfiles de carrozas, elecciones de reinas estudiantiles con grandes shows musicales y un congreso juvenil componen el programa oficial.<\/p>\n<p>Algunos relatos sit\u00faan en\u00a01916\u00a0la\u00a0primera vez\u00a0que en\u00a0San Salvador de Jujuy\u00a0un grupo de alumnos se reuni\u00f3 en el patio del\u00a0Colegio Nacional 1 \u201cTeodoro S\u00e1nchez de Bustamante\u201d, guitarras en mano y tal vez en torno a un peque\u00f1o fog\u00f3n, para\u00a0esperar la llegada de la primavera y celebrar el D\u00eda del Estudiante, que hab\u00eda sido instaurado en los primeros a\u00f1os del siglo 20.<\/p>\n<p>Aunque ambas efem\u00e9rides son coincidentes en cada 21 de septiembre, no guardan relaci\u00f3n directa entre si, pero aquel primer festejo de unos pocos compa\u00f1eros de estudios se fue repitiendo en Jujuy cada a\u00f1o y creciendo hasta tomar forma en la espectacular Fiesta Nacional de los Estudiantes (FNE), que haciendo culto a la estaci\u00f3n de las flores y la juventud este a\u00f1o alcanza su 74.ta edici\u00f3n.<\/p>\n<p>Organizada por el Ente Aut\u00e1rquico Permanente Fiesta Nacional de los Estudiantes (EAP-FNE), la programaci\u00f3n se extiende a lo largo de diez d\u00edas consecutivos en los que se realiza actividades como el desfile Bienvenida Primavera, del que toman parte escuelas primarias, especiales e instituciones dedicadas a la ni\u00f1ez; los tradicionales desfiles de carrozas, construidas artesanalmente por los propios estudiantes secundarios; el Congreso Nacional de la Juventud, que cada a\u00f1o abre el debate a diferentes temas del universo adolescente; y elecciones de las que antiguamente se denominaba \u201creinas estudiantiles\u201d, ahora llamadas \u201crepresentantes\u201d y \u201cembajadoras\u201d, lo que les confiere roles de voceras y figuras visibles de sus respectivos colegios, sus departamentos de origen, su provincia y, finalmente, del estudiantado nacional.<\/p>\n<p>Este a\u00f1o la celebraci\u00f3n dio inicio el pasado mi\u00e9rcoles en horas de la tarde en el predio de la Ciudad Cultural con el pasaje Bienvenida Primavera, para continuar jueves, viernes y s\u00e1bado con los desfiles nocturnos de las carrozas, que este a\u00f1o totalizan ochenta en la sumatoria de las categor\u00edas carrozas, carruajes, y carrozas t\u00e9cnicas, estas \u00faltimas monumentales construcciones con movimientos.<\/p>\n<p>La\u00a0elecci\u00f3n de la representante juje\u00f1a\u00a0a la instancia nacional ser\u00e1\u00a0este lunes\u00a0en la Ciudad Cultural; el\u00a0Congreso Nacional de la Juventud\u00a0se cumplir\u00e1 con delegaciones de varias provincias\u00a0martes y mi\u00e9rcoles\u00a0en el Centro de Innovaci\u00f3n Tecnol\u00f3gica, tambi\u00e9n situado en la Ciudad Cultural; y la\u00a0elecci\u00f3n de la representante nacional\u00a0tendr\u00e1 lugar el\u00a0viernes 26\u00a0en el estadio de f\u00fatbol \u201c23 de Agosto\u201d, con un espectacular show protagonizado por estudiantes de toda la provincia y para el cierre de la velada se anuncia la presentaci\u00f3n de la gran banda argentina\u00a0Airbag.<\/p>\n<p>El cierre de los festejos ser\u00e1 con el desfile de entrega de premios a las carrozas, el s\u00e1bado 27.<\/p>\n<p><strong>QUE COMIENCE LA FIESTA<\/strong><br \/>\nPara dar inicio a las noches de desfiles y con ello apertura oficial a la\u00a074.ta Fiesta Nacional de los Estudiantes, se realiz\u00f3 en la Ciudad Cultural un acto inaugural al que asisti\u00f3 el\u00a0gobernador Carlos Sadir, acompa\u00f1ado por la\u00a0ministra de Educaci\u00f3n, Miriam Serrano; y el\u00a0presidente del EAP-FNE, Mart\u00edn Meyer.<\/p>\n<p>En ese marco se realiz\u00f3 el corte de cintas para dejar simb\u00f3licamente abierto el circuito de desfiles, en tanto que el obispo diocesano de Jujuy, monse\u00f1or Daniel Fern\u00e1ndez, pronunci\u00f3 una invocaci\u00f3n religiosa y bendijo al estudiantado juje\u00f1o, su festejo y a todos quienes los acompa\u00f1an en su celebraci\u00f3n.<\/p>\n<p>En ese mismo sentido fueron las palabras de Mart\u00edn Meyer, quien tras destacar \u201cla presencia del gobernador Carlos Sadir, que siempre acompa\u00f1a todas las actividades\u201d que propone el Ente, agradeci\u00f3 \u201cel apoyo de much\u00edsima gente que ha sido y es parte de esta Fiesta\u201d.<\/p>\n<p>\u201cEs muy importante que la gente acompa\u00f1e todas las actividades, y ac\u00e1 lo est\u00e1 haciendo\u201d, subray\u00f3 el funcionario. \u201cTuvimos\u00a0mucha gente desde el desfile Bienvenida Primavera, y ojal\u00e1 que as\u00ed sea todos estos d\u00edas. La idea es que esta\u00a0siga siendo una fiesta familiar, y eso es lo que vemos: mucha familia, muchos chicos, chicas, adultos, mayores\u201d, celebr\u00f3.<\/p>\n<p>Al mismo tiempo confirm\u00f3 que \u201ctenemos concurrencia de muchos lugares del pa\u00eds, y eso demuestra que nuestra Fiesta crece a\u00f1o a a\u00f1o\u201d, plano en el que cabe apuntar que en esta edici\u00f3n nuevamente todas las provincias y la Ciudad Aut\u00f3noma de Buenos Aires han confirmado su participaci\u00f3n con sus respectivas candidatas en la elecci\u00f3n de la representante nacional de los estudiantes, lo que hace de la FNE en Jujuy la fiesta m\u00e1s federal del pa\u00eds por excelencia.<\/p>\n<p>De igual manera Meyer se\u00f1al\u00f3 que \u201ctenemos tambi\u00e9n muchos estudiantes del interior de la provincia\u201d participando con sus carrozas en los desfiles y \u201cque se est\u00e1n alojando en el RIM 20\u201d -un unidad del Ej\u00e9rcito-, lo que muestra que \u201ccomo cada a\u00f1o, esta es una fiesta inclusiva, para disfrutar, compartir, y por supuesto, inolvidable\u201d.<\/p>\n<p>Finalmente en cuanto a la organizaci\u00f3n, el titular del EAP puso en relieve que \u201ctenemos todas las \u00e1reas de Gobierno trabajando, por lo que corresponde agradecerles a todos ellos, ya que ser\u00eda imposible una Fiesta Nacional de esta envergadura sin el apoyo de todos\u201d, concluy\u00f3.<\/p>\n<h6>Fuente. viapais<\/h6>\n","protected":false},"excerpt":{"rendered":"<p>Multitudinarios desfiles de carrozas, elecciones de reinas estudiantiles con grandes shows musicales y un congreso juvenil componen el programa oficial.<\/p>\n","protected":false},"author":2,"featured_media":159684,"comment_status":"closed","ping_status":"closed","sticky":false,"template":"","format":"standard","meta":{"footnotes":""},"categories":[47],"tags":[25],"class_list":["post-159683","post","type-post","status-publish","format-standard","has-post-thumbnail","hentry","category-fiestas","tag-jujuy"],"_links":{"self":[{"href":"http:\/\/argentinamunicipal.com.ar\/argentina\/wp-json\/wp\/v2\/posts\/159683","targetHints":{"allow":["GET"]}}],"collection":[{"href":"http:\/\/argentinamunicipal.com.ar\/argentina\/wp-json\/wp\/v2\/posts"}],"about":[{"href":"http:\/\/argentinamunicipal.com.ar\/argentina\/wp-json\/wp\/v2\/types\/post"}],"author":[{"embeddable":true,"href":"http:\/\/argentinamunicipal.com.ar\/argentina\/wp-json\/wp\/v2\/users\/2"}],"replies":[{"embeddable":true,"href":"http:\/\/argentinamunicipal.com.ar\/argentina\/wp-json\/wp\/v2\/comments?post=159683"}],"version-history":[{"count":1,"href":"http:\/\/argentinamunicipal.com.ar\/argentina\/wp-json\/wp\/v2\/posts\/159683\/revisions"}],"predecessor-version":[{"id":159685,"href":"http:\/\/argentinamunicipal.com.ar\/argentina\/wp-json\/wp\/v2\/posts\/159683\/revisions\/159685"}],"wp:featuredmedia":[{"embeddable":true,"href":"http:\/\/argentinamunicipal.com.ar\/argentina\/wp-json\/wp\/v2\/media\/159684"}],"wp:attachment":[{"href":"http:\/\/argentinamunicipal.com.ar\/argentina\/wp-json\/wp\/v2\/media?parent=159683"}],"wp:term":[{"taxonomy":"category","embeddable":true,"href":"http:\/\/argentinamunicipal.com.ar\/argentina\/wp-json\/wp\/v2\/categories?post=159683"},{"taxonomy":"post_tag","embeddable":true,"href":"http:\/\/argentinamunicipal.com.ar\/argentina\/wp-json\/wp\/v2\/tags?post=159683"}],"curies":[{"name":"wp","href":"https:\/\/api.w.org\/{rel}","templated":true}]}}