{"id":159708,"date":"2025-09-24T18:38:48","date_gmt":"2025-09-24T21:38:48","guid":{"rendered":"http:\/\/argentinamunicipal.com.ar\/argentina\/?p=159708"},"modified":"2025-09-24T18:38:48","modified_gmt":"2025-09-24T21:38:48","slug":"79-dias-de-tension-en-allen-gremios-municipales-exigen-respuestas-a-roman-e-intervencion-del-gobernador","status":"publish","type":"post","link":"http:\/\/argentinamunicipal.com.ar\/argentina\/79-dias-de-tension-en-allen-gremios-municipales-exigen-respuestas-a-roman-e-intervencion-del-gobernador\/","title":{"rendered":"79 d\u00edas de tensi\u00f3n en Allen: gremios municipales exigen respuestas a Rom\u00e1n e intervenci\u00f3n del gobernador"},"content":{"rendered":"<p>Los gremios adelantaron que ma\u00f1ana tendr\u00e1n una nueva audiencia en la secretaria de Trabajo junto al intendente y advirtieron que si no hay acuerdo las medidas de fuerza continuar\u00e1n.<\/p>\n<p>El conflicto entre los trabajadores municipales de Allen y la gesti\u00f3n de Marcelo Rom\u00e1n, que comenz\u00f3 el 7 de julio tras la falta de acuerdo en las paritarias y el reclamo de mejores condiciones laborales, acumula ya 79 d\u00edas sin resoluci\u00f3n. En las \u00faltimas semanas la tensi\u00f3n aument\u00f3 con medidas de fuerza por parte de los gremios que incluyen paros, marchas y cortes frente al edificio comunal tras \u00abla falta de respuestas serias por parte del Ejecutivo\u00bb.<\/p>\n<p>En di\u00e1logo con Diario R\u00cdO NEGRO, referentes de los tres gremios municipales -Soyem, ATE y UPCN- aseguraron que la incertidumbre crece entre los empleados ante la ausencia de respuestas del Ejecutivo. \u201cNo est\u00e1 haciendo nada por resolver alg\u00fan problema\u201d, se\u00f1al\u00f3 Lorena Cabrera, secretaria adjunta de Soyem Allen.<\/p>\n<p>Las organizaciones tambi\u00e9n recordaron que elevaron sus reclamos a la Provincia.\u00a0\u201cHace dos semanas le entregamos un petitorio al gobernador de R\u00edo Negro,\u00a0Alberto Weretilneck, detallando todo lo que pasa en Allen. El d\u00eda que hicieron la campa\u00f1a ac\u00e1 se lo acercamos, pero a\u00fan no tenemos respuestas\u201d, remarc\u00f3 Alejandra Zu\u00f1iga, delegada de UPCN.<\/p>\n<p>El petitorio al que pudo acceder este medio, fue firmado por los tres gremios y solicita la intervenci\u00f3n urgente del gobernador: \u00abvenimos a solicitar que interceda y exija de manera urgente a la presente gesti\u00f3n la prestaci\u00f3n de un plan de acci\u00f3n en el que se clarifique la situaci\u00f3n financiera y medidas de ajuste como posibles soluciones, siendo que la ciudad de Allen es parte de la Provincia de R\u00edo Negro, de la cual es usted la m\u00e1xima autoridad competente y el intendente Municipal, el se\u00f1or Marcelo Rom\u00e1n no ha demostrado voluntad de comenzar a revertir esta situaci\u00f3n\u00bb, finaliza el documento.<\/p>\n<p>La situaci\u00f3n econ\u00f3mica de los empleados es otro de los puntos de mayor tensi\u00f3n. Seg\u00fan indicaron los gremios, los haberes del \u00faltimo mes se depositaron de manera escalonada y reci\u00e9n el viernes pasado cobr\u00f3 la \u00faltima categor\u00eda. \u201cNadie viene a trabajar gratis, la mayor\u00eda somos cabezas de familia y muchos compa\u00f1eros est\u00e1n con atraso en los alquileres. A algunos no se les pag\u00f3 el adelanto y quedaron en problemas porque los due\u00f1os no entienden que el municipio no cumpla. Los problemas empiezan a ser m\u00e1s graves, no sabemos c\u00f3mo contenerlos, los acompa\u00f1amos, pero no somos el gobierno ni la gesti\u00f3n\u201d, remarcaron los gremios.<\/p>\n<p>A la tensi\u00f3n econ\u00f3mica y laboral, este mi\u00e9rcoles se sum\u00f3 un incidente esta ma\u00f1ana con la jueza de Faltas. Seg\u00fan denunciaron los gremios, la funcionaria sali\u00f3 a apagar el fuego de las cubiertas con un matafuego y \u00abtension\u00f3\u00bb la situaci\u00f3n.<\/p>\n<p>En relaci\u00f3n a la quema de cubiertas la secretaria adjunta de Soyem sostuvo que: \u201csabemos que no es lo recomendable, pero es la manera de hacernos sentir.\u00a0Con esta gesti\u00f3n no se puede tener una mesa de di\u00e1logo. Hemos llevado propuestas, ideas, tuvimos predisposici\u00f3n desde el inicio, pero el Ejecutivo no escucha\u201d, afirm\u00f3 Cabral.<\/p>\n<p>\u201cSomos empleados y queremos trabajar, pero la situaci\u00f3n se agrav\u00f3.\u00a0No buscamos llegar a estos extremos. Lo \u00fanico que pedimos son mejores condiciones laborales y que se nos pague en tiempo y forma.\u00a0Hay compa\u00f1eros en situaciones cr\u00edticas que no pueden pagar el alquiler\u201d, agreg\u00f3\u00a0Sebasti\u00e1n Betanzo, delegado de ATE Allen.<\/p>\n<p>Por \u00faltimo,\u00a0los referentes adelantaron que ma\u00f1ana tendr\u00e1n una\u00a0audiencia en la Secretar\u00eda de Trabajo, solicitada por los tres gremios, en la que se sentar\u00e1n nuevamente con el Ejecutivo y advirtieron que si no hay acuerdo las medidas de fuerza continuar\u00e1n.\u00a0\u201cEsperamos que lleven una propuesta salarial seria; de lo contrario, la medida de fuerza va a continuar. No venimos ac\u00e1 porque no hay ganas de trabajar, venimos porque no hay plata, porque no sabemos si vamos a cobrar o no\u201d, advirti\u00f3 Zu\u00f1iga.<\/p>\n<p><strong>Ante la falta de acuerdos entre los gremios municipales y Rom\u00e1n, se solicit\u00f3 la intervenci\u00f3n de m\u00faltiples organismos<\/strong><br \/>\nLa semana pasada, tras varios d\u00edas de tensi\u00f3n en el corral\u00f3n municipal donde los trabajadores se encontraban realizando medidas de protestas en reclamo a mejores condiciones laborales y una urgente paritaria, la fiscal\u00eda descentralizada de la ciudad la que convoc\u00f3 a ambas partes, en su rol de mediador. Sin embargo, no se lleg\u00f3 a ning\u00fan acuerdo y otro fracaso se sum\u00f3 a los intentos de conciliaci\u00f3n.<\/p>\n<p>Desde el Ministerio P\u00fablico se\u00f1alaron que, debido a la complejidad del conflicto,\u00a0el abordaje no se limita \u00fanicamente a aspectos de salubridad p\u00fablica, sino que tambi\u00e9n involucra cuestiones administrativas que exceden su \u00e1mbito de intervenci\u00f3n.<\/p>\n<p>Anteriormente, la secretaria de Trabajo de la provincia tambi\u00e9n intervino en el conflicto\u00a0y dict\u00f3 la conciliaci\u00f3n obligatoria entre las partes involucradas por 10 h\u00e1biles. Sin embargo, esa conciliaci\u00f3n finaliz\u00f3 el 3 de septiembre sin acuerdo entre las partes.<\/p>\n<p>Desde los gremios manifestaron que el Ejecutivo municipal propuso un incremento salarial del 1% y el pago de manera escalonada que\u00a0no fue aceptada por los sindicatos por lo que retomaron el paro por tiempo indefinido.<\/p>\n<p>Por su parte, la secretaria de Trabajo de R\u00edo Negro indic\u00f3 al\u00a0Diario R\u00cdO NEGRO\u00a0que, tras la clausura de los veh\u00edculos oficiales, no hubo nuevas intervenciones provinciales porque ninguna de las partes volvi\u00f3 a solicitar la conciliaci\u00f3n.\u00a0\u201cLa Secretar\u00eda, a trav\u00e9s de la delegaci\u00f3n de Allen, est\u00e1 disponible ante cualquier llamado de los gremios o del municipio\u201d, se\u00f1alaron desde el organismo.<\/p>\n<h6>Fuente: rionegro<\/h6>\n","protected":false},"excerpt":{"rendered":"<p>Los gremios adelantaron que ma\u00f1ana tendr\u00e1n una nueva audiencia en la secretaria de Trabajo junto al\u00a0intendente y advirtieron que si no hay acuerdo las medidas de fuerza continuar\u00e1n.<\/p>\n","protected":false},"author":2,"featured_media":159709,"comment_status":"closed","ping_status":"closed","sticky":false,"template":"","format":"standard","meta":{"footnotes":""},"categories":[7],"tags":[11],"class_list":["post-159708","post","type-post","status-publish","format-standard","has-post-thumbnail","hentry","category-informe-sindical","tag-rio-negro"],"_links":{"self":[{"href":"http:\/\/argentinamunicipal.com.ar\/argentina\/wp-json\/wp\/v2\/posts\/159708","targetHints":{"allow":["GET"]}}],"collection":[{"href":"http:\/\/argentinamunicipal.com.ar\/argentina\/wp-json\/wp\/v2\/posts"}],"about":[{"href":"http:\/\/argentinamunicipal.com.ar\/argentina\/wp-json\/wp\/v2\/types\/post"}],"author":[{"embeddable":true,"href":"http:\/\/argentinamunicipal.com.ar\/argentina\/wp-json\/wp\/v2\/users\/2"}],"replies":[{"embeddable":true,"href":"http:\/\/argentinamunicipal.com.ar\/argentina\/wp-json\/wp\/v2\/comments?post=159708"}],"version-history":[{"count":1,"href":"http:\/\/argentinamunicipal.com.ar\/argentina\/wp-json\/wp\/v2\/posts\/159708\/revisions"}],"predecessor-version":[{"id":159710,"href":"http:\/\/argentinamunicipal.com.ar\/argentina\/wp-json\/wp\/v2\/posts\/159708\/revisions\/159710"}],"wp:featuredmedia":[{"embeddable":true,"href":"http:\/\/argentinamunicipal.com.ar\/argentina\/wp-json\/wp\/v2\/media\/159709"}],"wp:attachment":[{"href":"http:\/\/argentinamunicipal.com.ar\/argentina\/wp-json\/wp\/v2\/media?parent=159708"}],"wp:term":[{"taxonomy":"category","embeddable":true,"href":"http:\/\/argentinamunicipal.com.ar\/argentina\/wp-json\/wp\/v2\/categories?post=159708"},{"taxonomy":"post_tag","embeddable":true,"href":"http:\/\/argentinamunicipal.com.ar\/argentina\/wp-json\/wp\/v2\/tags?post=159708"}],"curies":[{"name":"wp","href":"https:\/\/api.w.org\/{rel}","templated":true}]}}