{"id":159728,"date":"2025-09-26T05:20:26","date_gmt":"2025-09-26T08:20:26","guid":{"rendered":"http:\/\/argentinamunicipal.com.ar\/argentina\/?p=159728"},"modified":"2025-09-25T19:04:55","modified_gmt":"2025-09-25T22:04:55","slug":"los-poetas-sociales-a-la-constitucion","status":"publish","type":"post","link":"http:\/\/argentinamunicipal.com.ar\/argentina\/los-poetas-sociales-a-la-constitucion\/","title":{"rendered":"Los poetas sociales a la Constituci\u00f3n"},"content":{"rendered":"<p>La diputada provincial y convencional constituyente Lucila De Ponti destaca \u00abalgo de un valor enorme\u00bb; que la nueva Constituci\u00f3n \u00abreconoce la econom\u00eda social, la econom\u00eda popular y el trabajo asociativo como parte constitutiva de lo santafesino\u00bb<\/p>\n<p>El 12 de septiembre vivimos un hecho hist\u00f3rico: Santa Fe reform\u00f3 su Constituci\u00f3n despu\u00e9s de m\u00e1s de medio siglo.<\/p>\n<p>Y si hacemos doble click en el cap\u00edtulo 1 que consagra los\u00a0\u201cprincipios, declaraciones y derechos\u201d\u00a0-una especie de carta de intenciones de la Carta Magna- nos encontramos con algo de un valor enorme: nuestra Constituci\u00f3n reconoce la econom\u00eda social, la econom\u00eda popular y el trabajo asociativo como parte constitutiva de lo santafesino.<\/p>\n<p>El art\u00edculo 23 dice con claridad que\u00a0\u201cse deben considerar las transformaciones del mundo del trabajo, las nuevas formas de empleo, la econom\u00eda social, el trabajo asociativo, el avance tecnol\u00f3gico y los requerimientos para un desarrollo socioecon\u00f3mico sostenible e inclusivo\u201d.<\/p>\n<p>Lo que est\u00e1 escrito es algo m\u00e1s que un giro ret\u00f3rico. Significa un cambio de mirada a la hora de pensar el mundo laboral. Porque supone reconocer que el trabajo no se agota en la relaci\u00f3n asalariada tradicional, que la vida econ\u00f3mica de nuestra provincia no depende solo de las grandes empresas, y que miles de santafesinos y santafesinas producen, crean, inventan y sostienen a sus comunidades desde formas alternativas, autogestivas y cooperativas.<\/p>\n<p>Como suele pasar, la ley llega para plasmar algo que viene d\u00e1ndose de hecho. Si miramos los n\u00fameros, el panorama es contundente. De casi 1.700.000 personas en edad de trabajar, apenas medio mill\u00f3n tiene un empleo asalariado en el sector privado, y 230 mil en el p\u00fablico. El resto, la mayor\u00eda, vive en la informalidad: hay entre 580 mil y 670 mil trabajadores cuentapropistas, monotributistas, cuidadoras, changarines, vendedores ambulantes\u2026 Personas que trabajan todos los d\u00edas, pero a quienes el sistema formal no reconoce. O, al menos, no lo hace adecuadamente.<\/p>\n<p>Y dentro de este universo, hay -como m\u00ednimo- 171 mil santafesinos y santafesinas que conforman lo que propiamente se denomina \u201ceconom\u00eda popular\u201d: los que organizan ferias, sostienen comedores, producen en cooperativas, cuidan a los ni\u00f1os y a los mayores, separan residuos, limpian, cosen, construyen. Esas mujeres y hombres a los que Francisco llam\u00f3 \u201cpoetas sociales\u201d. Los que, en condiciones adversas, inventan formas nuevas de producir y sostener la vida. Son creativos en el sentido m\u00e1s profundo: crean comunidad, crean redes, crean futuro. Hacen posible la vida, aunque rara vez aparezcan en las estad\u00edsticas oficiales.<\/p>\n<p>Por eso hablamos de econom\u00eda\u00a0social. Es algo m\u00e1s que un descarte, o el subsuelo de algo \u201cformal\u201d. Es\u00a0otro\u00a0modo. Otra forma de producir y reproducir la riqueza, basado en la solidaridad, la cooperaci\u00f3n y la comunidad. Tambi\u00e9n en la necesidad de sobrevivir.<\/p>\n<p>El trabajo cooperativo y asociativo \u2014que en nuestra provincia tiene una tradici\u00f3n centenaria\u2014 demuestra que es posible organizar la producci\u00f3n sin que todo pase por la l\u00f3gica del lucro.<\/p>\n<p>Y sobre esto, las mujeres sabemos mucho. Desde los m\u00e1rgenes, las mujeres hemos sostenido hist\u00f3ricamente la producci\u00f3n de la vida, en su sentido m\u00e1s amplio. No s\u00f3lo en la crianza de los hijos y las tareas de cuidado del hogar. Tambi\u00e9n en las cocinas comunitarias, en las huertas barriales, en los comedores escolares. Y lo hemos hecho sin ser v\u00edctimas pasivas de la exclusi\u00f3n, sino como protagonistas de una trama econ\u00f3mica invisible.<\/p>\n<p>Por eso es trascendente que la Constituci\u00f3n muestre lo que permanec\u00eda oculto. Reconocer la econom\u00eda social en la Constituci\u00f3n es tambi\u00e9n reconocer esa historia, esa capacidad, esa potencia que durante d\u00e9cadas nos fue negada.<\/p>\n<p>Hasta ahora, muchas de las pol\u00edticas vinculadas a esta forma de la econom\u00eda dependieron de la voluntad pol\u00edtica de un gobierno, de un programa transitorio, de la sensibilidad de alg\u00fan funcionario. Hoy, en cambio, tenemos un art\u00edculo constitucional que convierte esa realidad en un derecho exigible.<\/p>\n<p>Santa Fe ya no puede mirar para otro lado. Tiene la obligaci\u00f3n de garantizar herramientas: dignificaci\u00f3n de las condiciones de trabajo, formalizaci\u00f3n, cr\u00e9dito accesible, seguridad social, espacios de comercializaci\u00f3n, formaci\u00f3n, infraestructura. Debe hacerlo creando las instituciones y los instrumentos legales que se necesiten. Y debe hacerlo no como alguien que da un regalo, sino como un Estado que garantiza el cumplimiento del Derecho.<\/p>\n<p>Desde el 12 de septiembre, tenemos una hoja de ruta clara: construir un desarrollo inclusivo, sostenible y comunitario. Un modelo que no mida el \u00e9xito por las ganancias de las multinacionales, sino por la dignidad de la gente com\u00fan. Un modelo que no condene a la informalidad a la mitad de la poblaci\u00f3n activa, sino que le d\u00e9 un lugar en el centro de la vida econ\u00f3mica.<\/p>\n<p>Lo que logramos es enorme. Cada cooperativa, cada taller, cada feria y cada comedor puede sentir que esta Constituci\u00f3n tambi\u00e9n los nombra, tambi\u00e9n los protege.<\/p>\n<p>Pero tenemos que saber que no podemos dejar que estas palabras queden en letra muerta. Como toda conquista, a este art\u00edculo tambi\u00e9n habr\u00e1 que defenderlo y profundizarlo.<\/p>\n<p>Ah\u00ed, en ese entramado de poetas invisibles, late el futuro de nuestra provincia. Y es desde all\u00ed, desde esas manos que producen dignidad, que Santa Fe puede imaginar un destino m\u00e1s justo, m\u00e1s solidario, m\u00e1s humano.<\/p>\n<p>Por Lucila De Ponti (Convencional Constituyente \u2013 Diputada Provincial peronista)<\/p>\n<h6>Fuente: El Ciudadano<\/h6>\n","protected":false},"excerpt":{"rendered":"<p>La diputada provincial y convencional constituyente Lucila De Ponti destaca \u00abalgo de un valor enorme\u00bb; que la nueva Constituci\u00f3n \u00abreconoce la econom\u00eda social, la econom\u00eda popular y el trabajo asociativo como parte constitutiva de lo santafesino\u00bb<\/p>\n","protected":false},"author":2,"featured_media":159729,"comment_status":"closed","ping_status":"closed","sticky":false,"template":"","format":"standard","meta":{"footnotes":""},"categories":[6],"tags":[10],"class_list":["post-159728","post","type-post","status-publish","format-standard","has-post-thumbnail","hentry","category-opiniones","tag-santa-fe"],"_links":{"self":[{"href":"http:\/\/argentinamunicipal.com.ar\/argentina\/wp-json\/wp\/v2\/posts\/159728","targetHints":{"allow":["GET"]}}],"collection":[{"href":"http:\/\/argentinamunicipal.com.ar\/argentina\/wp-json\/wp\/v2\/posts"}],"about":[{"href":"http:\/\/argentinamunicipal.com.ar\/argentina\/wp-json\/wp\/v2\/types\/post"}],"author":[{"embeddable":true,"href":"http:\/\/argentinamunicipal.com.ar\/argentina\/wp-json\/wp\/v2\/users\/2"}],"replies":[{"embeddable":true,"href":"http:\/\/argentinamunicipal.com.ar\/argentina\/wp-json\/wp\/v2\/comments?post=159728"}],"version-history":[{"count":1,"href":"http:\/\/argentinamunicipal.com.ar\/argentina\/wp-json\/wp\/v2\/posts\/159728\/revisions"}],"predecessor-version":[{"id":159730,"href":"http:\/\/argentinamunicipal.com.ar\/argentina\/wp-json\/wp\/v2\/posts\/159728\/revisions\/159730"}],"wp:featuredmedia":[{"embeddable":true,"href":"http:\/\/argentinamunicipal.com.ar\/argentina\/wp-json\/wp\/v2\/media\/159729"}],"wp:attachment":[{"href":"http:\/\/argentinamunicipal.com.ar\/argentina\/wp-json\/wp\/v2\/media?parent=159728"}],"wp:term":[{"taxonomy":"category","embeddable":true,"href":"http:\/\/argentinamunicipal.com.ar\/argentina\/wp-json\/wp\/v2\/categories?post=159728"},{"taxonomy":"post_tag","embeddable":true,"href":"http:\/\/argentinamunicipal.com.ar\/argentina\/wp-json\/wp\/v2\/tags?post=159728"}],"curies":[{"name":"wp","href":"https:\/\/api.w.org\/{rel}","templated":true}]}}