{"id":159737,"date":"2025-09-26T05:35:58","date_gmt":"2025-09-26T08:35:58","guid":{"rendered":"http:\/\/argentinamunicipal.com.ar\/argentina\/?p=159737"},"modified":"2025-09-24T19:40:32","modified_gmt":"2025-09-24T22:40:32","slug":"colores-de-la-primavera-en-el-valle-taller-de-collage-textil-y-feria-artesanal-en-los-reartes","status":"publish","type":"post","link":"http:\/\/argentinamunicipal.com.ar\/argentina\/colores-de-la-primavera-en-el-valle-taller-de-collage-textil-y-feria-artesanal-en-los-reartes\/","title":{"rendered":"Colores de la Primavera en el Valle: taller de collage textil y feria artesanal en Los Reartes"},"content":{"rendered":"<p>Llega el 1\u00ba Encuentro Nacional de Arte Textil a la comuna cordobesa. Se presenta del 3 al 5 de octubre y est\u00e1 coordinado por Ana Mazzoni.<\/p>\n<p>La comunidad de Los Reartes se prepara para recibir el\u00a01\u00b0 Encuentro de Arte Textil,\u00a0un evento creativo y participativo llamado \u201cColores de la Primavera en el Valle\u201d. La iniciativa, coordinada por\u00a0Ana Mazzoni,\u00a0invita a artistas y entusiastas del arte a participar de una experiencia textil-pl\u00e1stica que tendr\u00e1 lugar del\u00a03 al 5 de octubre en el SUM Atahualpa Yupanqui, a partir de las 10.00.<\/p>\n<p>El encuentro se centrar\u00e1 en la t\u00e9cnica del collage textil para dar vida a obras que exploren el tema de la \u201cPrimavera Serrana\u201d. Los participantes podr\u00e1n inscribirse en una de las dos categor\u00edas disponibles: mediano formato (50&#215;50 cm) y peque\u00f1o formato (20&#215;20 cm).<\/p>\n<p>La inscripci\u00f3n tiene un costo de $10.000, y el pago se realiza mediante transferencia bancaria a la Comuna de Los Reartes. Ver los detalles de la cuenta aqu\u00ed.<\/p>\n<p>Es necesario adjuntar el comprobante de pago al formulario de inscripci\u00f3n, disponible en el siguiente enlace:\u00a0https:\/\/forms.gle\/TnofvmoTeRyK6R6B9.<\/p>\n<p>Adem\u00e1s de la propuesta art\u00edstica, el evento contar\u00e1 con una\u00a0Feria Artesanal paralela, en la que se exhibir\u00e1n y vender\u00e1n creaciones en cer\u00e1mica, textiles, madera, joyer\u00eda y otras disciplinas, a cargo de los participantes e invitados.<\/p>\n<p>El encuentro busca ser un espacio para crear, compartir y celebrar los colores de la primavera, fomentando la expresi\u00f3n art\u00edstica en la comunidad.<\/p>\n<h6>Fuente: cba24n.com.ar<\/h6>\n","protected":false},"excerpt":{"rendered":"<p>Llega el 1\u00ba Encuentro Nacional de Arte Textil a la comuna cordobesa. Se presenta del 3 al 5 de octubre y est\u00e1 coordinado por Ana Mazzoni.<\/p>\n","protected":false},"author":2,"featured_media":159738,"comment_status":"closed","ping_status":"closed","sticky":false,"template":"","format":"standard","meta":{"footnotes":""},"categories":[47],"tags":[3],"class_list":["post-159737","post","type-post","status-publish","format-standard","has-post-thumbnail","hentry","category-fiestas","tag-cordoba"],"_links":{"self":[{"href":"http:\/\/argentinamunicipal.com.ar\/argentina\/wp-json\/wp\/v2\/posts\/159737","targetHints":{"allow":["GET"]}}],"collection":[{"href":"http:\/\/argentinamunicipal.com.ar\/argentina\/wp-json\/wp\/v2\/posts"}],"about":[{"href":"http:\/\/argentinamunicipal.com.ar\/argentina\/wp-json\/wp\/v2\/types\/post"}],"author":[{"embeddable":true,"href":"http:\/\/argentinamunicipal.com.ar\/argentina\/wp-json\/wp\/v2\/users\/2"}],"replies":[{"embeddable":true,"href":"http:\/\/argentinamunicipal.com.ar\/argentina\/wp-json\/wp\/v2\/comments?post=159737"}],"version-history":[{"count":1,"href":"http:\/\/argentinamunicipal.com.ar\/argentina\/wp-json\/wp\/v2\/posts\/159737\/revisions"}],"predecessor-version":[{"id":159739,"href":"http:\/\/argentinamunicipal.com.ar\/argentina\/wp-json\/wp\/v2\/posts\/159737\/revisions\/159739"}],"wp:featuredmedia":[{"embeddable":true,"href":"http:\/\/argentinamunicipal.com.ar\/argentina\/wp-json\/wp\/v2\/media\/159738"}],"wp:attachment":[{"href":"http:\/\/argentinamunicipal.com.ar\/argentina\/wp-json\/wp\/v2\/media?parent=159737"}],"wp:term":[{"taxonomy":"category","embeddable":true,"href":"http:\/\/argentinamunicipal.com.ar\/argentina\/wp-json\/wp\/v2\/categories?post=159737"},{"taxonomy":"post_tag","embeddable":true,"href":"http:\/\/argentinamunicipal.com.ar\/argentina\/wp-json\/wp\/v2\/tags?post=159737"}],"curies":[{"name":"wp","href":"https:\/\/api.w.org\/{rel}","templated":true}]}}