{"id":159943,"date":"2025-10-15T04:04:45","date_gmt":"2025-10-15T07:04:45","guid":{"rendered":"http:\/\/argentinamunicipal.com.ar\/argentina\/?p=159943"},"modified":"2025-10-14T19:09:32","modified_gmt":"2025-10-14T22:09:32","slug":"informe-de-la-came-las-pymes-mendocinas-sufren-una-caida-historica-en-ventas","status":"publish","type":"post","link":"http:\/\/argentinamunicipal.com.ar\/argentina\/informe-de-la-came-las-pymes-mendocinas-sufren-una-caida-historica-en-ventas\/","title":{"rendered":"Informe de la CAME: las pymes mendocinas sufren una ca\u00edda hist\u00f3rica en ventas"},"content":{"rendered":"<p>Rub\u00e9n Palau, titular de Apyme, analiz\u00f3 los datos arrojados por CAME. Cr\u00edtico contexto, marcado por un retroceso sostenido y la fuga de consumidores hacia Chile.<\/p>\n<p>Un informe de la Confederaci\u00f3n Argentina de la Mediana Empresa (CAME) confirm\u00f3 una contracci\u00f3n. Las ventas minoristas\u00a0pyme\u00a0descendieron un 4,2% interanual en septiembre, con una variaci\u00f3n mensual negativa del 2%.\u00a0Rub\u00e9n Palau, titular de la Asamblea de Peque\u00f1os y Medianos Empresarios\u00a0(Apyme),\u00a0fue entrevistado en\u00a0MDZ Radio\u00a0y atribuy\u00f3 estas cifras a los tarifazos, apertura de importaciones y p\u00e9rdida del mercado interno.<br \/>\nEscuch\u00e1 la entrevista completa en MDZ Radio 105.5 FM<\/p>\n<p><strong>Ca\u00edda generalizada y contexto cr\u00edtico<\/strong><br \/>\nAl ser consultado sobre el balance de las \u00faltimas semanas,\u00a0Palau\u00a0fue contundente: \u201cM\u00e1s all\u00e1 de la provincia de Mendoza, el tema de ventas m\u00e1s que nada tambi\u00e9n en el comercio: hace cinco meses que viene el retroceso\u201d. Y detall\u00f3: \u201cAumento de tarifas descomunal desde que lleg\u00f3 este nuevo Gobierno de m\u00e1s del 430%. Los que m\u00e1s est\u00e1n sufriendo en este momento [son] la construcci\u00f3n, la industria y el comercio\u201d.<\/p>\n<p>El dirigente empresarial explic\u00f3 que la situaci\u00f3n se agrava para Mendoza por la competencia directa con el comercio chileno. \u201cAl tener Mendoza una provincia alineada con Chile, bueno, es f\u00e1cil ir a comprar\u201d, se\u00f1al\u00f3. Sobre las expectativas para fechas clave como el D\u00eda de la Madre, Palau manifest\u00f3: \u201cSiempre hay expectativas, por H o por B, dado que las circunstancias de las alineaciones pol\u00edticas que se est\u00e1n dando no son favorables para el mercado interno\u201d.<\/p>\n<p><strong>Un diagn\u00f3stico ampliado de la crisis<\/strong><br \/>\nPalau\u00a0expandi\u00f3 el an\u00e1lisis m\u00e1s all\u00e1 de las\u00a0pymes,\u00a0mencionando problemas en grandes compa\u00f1\u00edas. \u201cNo s\u00f3lo pymes, ya hay problemas con Molinos, Sancor, Carrefour, BGH, Nissan, Algodonera, Ferrum, Georgalos\u201d, etc\u00e9tera. Y a\u00f1adi\u00f3: \u201cEl tema industrial es grav\u00edsimo, porque siguen aumentando las tarifas, ya sea de gas, de luz, de combustible, que es un factor fundamental para log\u00edstica y dem\u00e1s (\u2026) Sin embargo, no hay volumen de venta debido a que no hay inversiones y la construcci\u00f3n menos que menos\u201d.<\/p>\n<p>Respecto de las pol\u00edticas econ\u00f3micas, el titular de\u00a0Apyme\u00a0fue directo: \u201cEstamos enojados con las pol\u00edticas econ\u00f3micas que se implementan totalmente arbitrarias a cualquier lugar del mundo\u201d. Y critic\u00f3 la orientaci\u00f3n internacional del Gobierno: \u201cEst\u00e1 \u00fanicamente orientado hacia la parte de EE. UU., son nada m\u00e1s que ellos (\u2026) me parece que tambi\u00e9n tenemos que mirar para otros lados para poder comercializar\u201d.<\/p>\n<p><strong>Proyecci\u00f3n adversa y posibles soluciones<\/strong><br \/>\nSobre el futuro,\u00a0Palau\u00a0se mostr\u00f3 pesimista: \u201cVemos con gran preocupaci\u00f3n estos proyectos que llegamos a ver, porque las inversiones, por m\u00e1s r\u00edgidas, no han venido a la provincia\u201d.<\/p>\n<p>Como contrapartida, enumer\u00f3 los pilares de una iniciativa legislativa que promueven: \u201cNosotros venimos bregando por una ley de emergencias de pymes (\u2026) que los pilares b\u00e1sicamente son la parte energ\u00e9tica, creaci\u00f3n y sostenimiento de empleo, tarifa, est\u00e1 tambi\u00e9n a trav\u00e9s de un r\u00e9gimen tributario, pol\u00edticas de apoyo, b\u00e1sicamente\u201d.<\/p>\n<p>Finalmente, concluy\u00f3 con un crudo diagn\u00f3stico: \u201cLas pol\u00edticas actuales [de Milei] van totalmente en contrapunto con las econom\u00edas regionales\u00a0(\u2026) lo \u00fanico que nos interesa es la bicicleta financiera, porque ac\u00e1 hay ganadores, por supuesto, ac\u00e1 hay ganadores, en contrapartida del mercado interno\u201d.<\/p>\n<h6>Fuente: MDZ<\/h6>\n","protected":false},"excerpt":{"rendered":"<p>Rub\u00e9n Palau, titular de Apyme, analiz\u00f3 los datos arrojados por CAME. Cr\u00edtico contexto, marcado por un retroceso sostenido y la fuga de consumidores hacia Chile.<\/p>\n","protected":false},"author":2,"featured_media":159944,"comment_status":"closed","ping_status":"closed","sticky":false,"template":"","format":"standard","meta":{"footnotes":""},"categories":[65],"tags":[31],"class_list":["post-159943","post","type-post","status-publish","format-standard","has-post-thumbnail","hentry","category-provincias","tag-mendoza"],"_links":{"self":[{"href":"http:\/\/argentinamunicipal.com.ar\/argentina\/wp-json\/wp\/v2\/posts\/159943","targetHints":{"allow":["GET"]}}],"collection":[{"href":"http:\/\/argentinamunicipal.com.ar\/argentina\/wp-json\/wp\/v2\/posts"}],"about":[{"href":"http:\/\/argentinamunicipal.com.ar\/argentina\/wp-json\/wp\/v2\/types\/post"}],"author":[{"embeddable":true,"href":"http:\/\/argentinamunicipal.com.ar\/argentina\/wp-json\/wp\/v2\/users\/2"}],"replies":[{"embeddable":true,"href":"http:\/\/argentinamunicipal.com.ar\/argentina\/wp-json\/wp\/v2\/comments?post=159943"}],"version-history":[{"count":1,"href":"http:\/\/argentinamunicipal.com.ar\/argentina\/wp-json\/wp\/v2\/posts\/159943\/revisions"}],"predecessor-version":[{"id":159945,"href":"http:\/\/argentinamunicipal.com.ar\/argentina\/wp-json\/wp\/v2\/posts\/159943\/revisions\/159945"}],"wp:featuredmedia":[{"embeddable":true,"href":"http:\/\/argentinamunicipal.com.ar\/argentina\/wp-json\/wp\/v2\/media\/159944"}],"wp:attachment":[{"href":"http:\/\/argentinamunicipal.com.ar\/argentina\/wp-json\/wp\/v2\/media?parent=159943"}],"wp:term":[{"taxonomy":"category","embeddable":true,"href":"http:\/\/argentinamunicipal.com.ar\/argentina\/wp-json\/wp\/v2\/categories?post=159943"},{"taxonomy":"post_tag","embeddable":true,"href":"http:\/\/argentinamunicipal.com.ar\/argentina\/wp-json\/wp\/v2\/tags?post=159943"}],"curies":[{"name":"wp","href":"https:\/\/api.w.org\/{rel}","templated":true}]}}