{"id":159950,"date":"2025-10-15T05:00:55","date_gmt":"2025-10-15T08:00:55","guid":{"rendered":"http:\/\/argentinamunicipal.com.ar\/argentina\/?p=159950"},"modified":"2025-10-14T19:24:17","modified_gmt":"2025-10-14T22:24:17","slug":"este-miercoles-comienza-la-feria-internacional-del-libro-de-rosario","status":"publish","type":"post","link":"http:\/\/argentinamunicipal.com.ar\/argentina\/este-miercoles-comienza-la-feria-internacional-del-libro-de-rosario\/","title":{"rendered":"Este mi\u00e9rcoles comienza la Feria Internacional del Libro de Rosario"},"content":{"rendered":"<p>Destacadas personalidades estar\u00e1 prensentes en el 41\u00b0 edici\u00f3n, que se desarrollar\u00e1 hasta el s\u00e1bado 25 de octubre en el Cultural Fontanarrosa.<\/p>\n<p>Desde este mi\u00e9rcoles hasta el s\u00e1bado 25 de octubre, se desarrollar\u00e1 en el Cultural Fontanarrosa (San Mart\u00edn 1080) la 41\u00aa Feria Internacional del Libro de Rosario, con entrada gratuita. Durante 11 d\u00edas, habr\u00e1 presentaciones, homenajes, talleres, charlas, actividades para las infancias y stands de librer\u00edas y editoriales rosarinas, santafesinas y de todo el pa\u00eds.<\/p>\n<p>Coorganizada por la Fundaci\u00f3n El Libro, la Municipalidad de Rosario y el Gobierno de la Provincia de Santa Fe, la edici\u00f3n 2025 de la Feria contar\u00e1 con la presencia de autoras y autores de Rosario, Santa Fe y la Argentina.<\/p>\n<p>Entre las autoras y los autores participantes se encuentran Maitena, Selva Almada, Gonzalo Heredia, la ex ministra de Cultura Chiqui Gonz\u00e1lez Liliana Heker, Chula G\u00e1lvez, Osvaldo Gross, Gustavo Grobocopatel, Nelson Castro, Bel\u00e9n Campero, Camila Perochena, Daniel Krichman Hernandez, Decur, Diana Conti, Flor Izurieta, Flor Sichel y Gabriel Di Meglio.<\/p>\n<p>A la lista tambi\u00e9n hay que sumar a Gustavo Dellepiane, Hinde Pomeraniec, Ingrid Beck, Iv\u00e1n Noble, Javier N\u00fa\u00f1ez, Jorge Faccendini, Josefina Licitra, Marina Yuszczuk, Mario Actis, Maristella Svampa, Mauro Libertella y Pablo Colacrai.<\/p>\n<p>Tambi\u00e9n ser\u00e1n parte de la 41\u00aa Feria Internacional del Libro de Rosario Reynaldo Sietecase, Roberto Chuit Roganovich y Sarah Mulligan, entre otros nombres.<\/p>\n<p>Esta edici\u00f3n de la Feria Internacional del Libro de Rosario coincide con las celebraciones por el Tricentenario de la ciudad.<\/p>\n<p>Los horarios<br \/>\nLa Feria del Libro permanecer\u00e1 abierta de domingos a mi\u00e9rcoles, de 13 a 21; los jueves y viernes, de 13 a 22; el s\u00e1bado 18 de octubre, de 10 a 00; y el s\u00e1bado 25 de octubre, de 10 a 00. La entrada es gratuita.<\/p>\n<p>Toda la informaci\u00f3n est\u00e1 disponible en la web feriadellibrorosario.gob.ar.<\/p>\n<h6>Fuente: Sin Mordaza<\/h6>\n<p>&nbsp;<\/p>\n","protected":false},"excerpt":{"rendered":"<p>Destacadas personalidades estar\u00e1 prensentes en el 41\u00b0 edici\u00f3n, que se desarrollar\u00e1 hasta el s\u00e1bado 25 de octubre en el Cultural Fontanarrosa.<\/p>\n","protected":false},"author":2,"featured_media":159951,"comment_status":"closed","ping_status":"closed","sticky":false,"template":"","format":"standard","meta":{"footnotes":""},"categories":[47],"tags":[10],"class_list":["post-159950","post","type-post","status-publish","format-standard","has-post-thumbnail","hentry","category-fiestas","tag-santa-fe"],"_links":{"self":[{"href":"http:\/\/argentinamunicipal.com.ar\/argentina\/wp-json\/wp\/v2\/posts\/159950","targetHints":{"allow":["GET"]}}],"collection":[{"href":"http:\/\/argentinamunicipal.com.ar\/argentina\/wp-json\/wp\/v2\/posts"}],"about":[{"href":"http:\/\/argentinamunicipal.com.ar\/argentina\/wp-json\/wp\/v2\/types\/post"}],"author":[{"embeddable":true,"href":"http:\/\/argentinamunicipal.com.ar\/argentina\/wp-json\/wp\/v2\/users\/2"}],"replies":[{"embeddable":true,"href":"http:\/\/argentinamunicipal.com.ar\/argentina\/wp-json\/wp\/v2\/comments?post=159950"}],"version-history":[{"count":1,"href":"http:\/\/argentinamunicipal.com.ar\/argentina\/wp-json\/wp\/v2\/posts\/159950\/revisions"}],"predecessor-version":[{"id":159952,"href":"http:\/\/argentinamunicipal.com.ar\/argentina\/wp-json\/wp\/v2\/posts\/159950\/revisions\/159952"}],"wp:featuredmedia":[{"embeddable":true,"href":"http:\/\/argentinamunicipal.com.ar\/argentina\/wp-json\/wp\/v2\/media\/159951"}],"wp:attachment":[{"href":"http:\/\/argentinamunicipal.com.ar\/argentina\/wp-json\/wp\/v2\/media?parent=159950"}],"wp:term":[{"taxonomy":"category","embeddable":true,"href":"http:\/\/argentinamunicipal.com.ar\/argentina\/wp-json\/wp\/v2\/categories?post=159950"},{"taxonomy":"post_tag","embeddable":true,"href":"http:\/\/argentinamunicipal.com.ar\/argentina\/wp-json\/wp\/v2\/tags?post=159950"}],"curies":[{"name":"wp","href":"https:\/\/api.w.org\/{rel}","templated":true}]}}