{"id":159972,"date":"2025-10-20T04:30:07","date_gmt":"2025-10-20T07:30:07","guid":{"rendered":"http:\/\/argentinamunicipal.com.ar\/argentina\/?p=159972"},"modified":"2025-10-15T06:04:01","modified_gmt":"2025-10-15T09:04:01","slug":"a-pesar-del-dictamen-de-la-procuracion-general-el-intendente-de-bariloche-insiste-en-el-referendum","status":"publish","type":"post","link":"http:\/\/argentinamunicipal.com.ar\/argentina\/a-pesar-del-dictamen-de-la-procuracion-general-el-intendente-de-bariloche-insiste-en-el-referendum\/","title":{"rendered":"A pesar del dictamen de la Procuraci\u00f3n General, el intendente de Bariloche insiste en el refer\u00e9ndum"},"content":{"rendered":"<p>Luego del dictamen de la Procuraci\u00f3n que sugiere anular el refer\u00e9ndum, Cortes ratifica su posici\u00f3n de llevar adelante el proceso electoral.<\/p>\n<p>El procurador general de Rio Negro, Jorge Crespo, emiti\u00f3 un dictamen d\u00f3nde explica que en el refer\u00e9ndum convocado por el intendente Walter Cortes existe una interposici\u00f3n y conflicto de poderes. El proceso electoral que impulsa el ejecutivo municipal \u00a0est\u00e1 convocado para el 9 de noviembre con 10 ejes de gesti\u00f3n a consultar.<\/p>\n<p>A un mes de la fecha programada para el refer\u00e9ndum municipal impulsado por Cortes, desde la Procuraci\u00f3n General de Rio Negro dieron un rev\u00e9s al dar lugar a los reclamos del Concejo Deliberante respecto el conflicto de poderes. Desde el recinto vienen denunciando que de las diez consultas que propone el refer\u00e9ndum, al menos tres est\u00e1n siendo tratados en el comisiones.<\/p>\n<p>El documento sugiere que la nulidad de las resoluciones municipales que dieron marco legal al refer\u00e9ndum \u201cpor haber sido dictadas en exceso de sus respectivas competencias, invadiendo facultades propias del Concejo Deliberante del mismo municipio\u201d.<\/p>\n<p>El dictamen fue emitido en un marco en el que desde el Municipio llevan a cabo capacitaciones sobre el refer\u00e9ndum. En distintos puntos de la ciudad brindan informaci\u00f3n sobre qu\u00e9 se va votar y c\u00f3mo votar con la boleta \u00fanica.<\/p>\n<p>En di\u00e1logo con Diario El Cordillerano, el intendente Walter Cortes ratific\u00f3 la realizaci\u00f3n de consulta ciudadana, a pesar de la resoluci\u00f3n judicial. \u201cNosotros lo llevaremos adelante, Viedma tiene esa adversidad con Bariloche pero yo creo \u00a0alg\u00fan d\u00eda Bariloche va ser libre\u201d<\/p>\n<p>El jefe comunal redobl\u00f3 la apuesta y apunt\u00f3 contra Crespo por considerarlo \u201cajeno\u201d a la realidad local. \u201cEs gente que no siente, si vivieran en Bariloche seguro lo acompa\u00f1ar\u00edan (el refer\u00e9ndum) es m\u00e1s f\u00e1cil decir que s\u00ed que decir no, pero bueno no s\u00e9 que intereses estamos tocando, lo peor es que es gente la perjudicada\u201d.<\/p>\n<p>\u201cLa gente quiere decidir el destino pero la burocracia pone palos en la rueda y los p\u00e9simos manejan el tino de la gente, \u00a0pero lo van a pagar en las urnas, no sale el refer\u00e9ndum y los maliciosos y los que no tiene palabra lo van a pagar en las urnas\u201d sentenci\u00f3 Cortes.<\/p>\n<p>Los 10 ejes que quiere llevar a consulta popular Cortes:<\/p>\n<p>1- Habilitar Uber y m\u00e1s aplicaciones de transporte.<\/p>\n<p>2- Extender la emergencia territorial hasta el 2027 para generar m\u00e1s lotes sociales.<\/p>\n<p>3- Ceder un restaurante ubicado en costanera a los excombatientes de la guerra de Malvinas para mantener el Memorial.<\/p>\n<p>4- Aprobar el Plan Vial para avanzar en un plan de asfalto para las distintas arterias de la ciudad.<\/p>\n<p>5- Aprobar\u00a0 la contribuci\u00f3n al turismo para financiar proyectos de obras en la ciudad.<\/p>\n<p>6- Reactivar el paseo de la Isla Huemul.<\/p>\n<p>7- Dejar de pagar sueldos a la Comisi\u00f3n Directiva del SOYEM.<\/p>\n<p>8- Construir el natatorio municipal.<\/p>\n<p>9- Terminar el Centro de Convenciones.<\/p>\n<p>10- Reemplazar los pinos de la costanera por \u00e1rboles aut\u00f3ctonos.<\/p>\n<h6>Fuente: Cordillerano<\/h6>\n","protected":false},"excerpt":{"rendered":"<p>Luego del dictamen de la Procuraci\u00f3n que sugiere anular el refer\u00e9ndum, Cortes ratifica su posici\u00f3n de llevar adelante el proceso electoral.<\/p>\n","protected":false},"author":2,"featured_media":159973,"comment_status":"closed","ping_status":"closed","sticky":false,"template":"","format":"standard","meta":{"footnotes":""},"categories":[4],"tags":[11],"class_list":["post-159972","post","type-post","status-publish","format-standard","has-post-thumbnail","hentry","category-informe-politico","tag-rio-negro"],"_links":{"self":[{"href":"http:\/\/argentinamunicipal.com.ar\/argentina\/wp-json\/wp\/v2\/posts\/159972","targetHints":{"allow":["GET"]}}],"collection":[{"href":"http:\/\/argentinamunicipal.com.ar\/argentina\/wp-json\/wp\/v2\/posts"}],"about":[{"href":"http:\/\/argentinamunicipal.com.ar\/argentina\/wp-json\/wp\/v2\/types\/post"}],"author":[{"embeddable":true,"href":"http:\/\/argentinamunicipal.com.ar\/argentina\/wp-json\/wp\/v2\/users\/2"}],"replies":[{"embeddable":true,"href":"http:\/\/argentinamunicipal.com.ar\/argentina\/wp-json\/wp\/v2\/comments?post=159972"}],"version-history":[{"count":1,"href":"http:\/\/argentinamunicipal.com.ar\/argentina\/wp-json\/wp\/v2\/posts\/159972\/revisions"}],"predecessor-version":[{"id":159974,"href":"http:\/\/argentinamunicipal.com.ar\/argentina\/wp-json\/wp\/v2\/posts\/159972\/revisions\/159974"}],"wp:featuredmedia":[{"embeddable":true,"href":"http:\/\/argentinamunicipal.com.ar\/argentina\/wp-json\/wp\/v2\/media\/159973"}],"wp:attachment":[{"href":"http:\/\/argentinamunicipal.com.ar\/argentina\/wp-json\/wp\/v2\/media?parent=159972"}],"wp:term":[{"taxonomy":"category","embeddable":true,"href":"http:\/\/argentinamunicipal.com.ar\/argentina\/wp-json\/wp\/v2\/categories?post=159972"},{"taxonomy":"post_tag","embeddable":true,"href":"http:\/\/argentinamunicipal.com.ar\/argentina\/wp-json\/wp\/v2\/tags?post=159972"}],"curies":[{"name":"wp","href":"https:\/\/api.w.org\/{rel}","templated":true}]}}