{"id":159978,"date":"2025-10-17T04:14:25","date_gmt":"2025-10-17T07:14:25","guid":{"rendered":"http:\/\/argentinamunicipal.com.ar\/argentina\/?p=159978"},"modified":"2025-10-16T05:40:54","modified_gmt":"2025-10-16T08:40:54","slug":"estanislao-lopez-heroe-nacional-el-federal-que-forjo-la-identidad-del-pueblo-argentino","status":"publish","type":"post","link":"http:\/\/argentinamunicipal.com.ar\/argentina\/estanislao-lopez-heroe-nacional-el-federal-que-forjo-la-identidad-del-pueblo-argentino\/","title":{"rendered":"Estanislao L\u00f3pez, H\u00e9roe Nacional: El Federal que forj\u00f3 la identidad del pueblo argentino"},"content":{"rendered":"<p>El Instituto Lopeciano revitaliza la figura de L\u00f3pez, destacando su visi\u00f3n de una Argentina unida por la diversidad y la equidad entre provincias.<\/p>\n<p>En tiempos donde las palabras \u00abunidad\u00bb, \u00abfederalismo\u00bb y \u00abpatria\u00bb parecen desgastadas por el uso superficial, recordar la figura del\u00a0Brigadier General Estanislao L\u00f3pez\u00a0no es un mero ejercicio hist\u00f3rico, es una necesidad moral y pol\u00edtica.<\/p>\n<p>Desde Santa Fe, L\u00f3pez levant\u00f3 las banderas del federalismo aut\u00e9ntico, no como una consigna circunstancial, sino como una filosof\u00eda de vida y de gobierno.<\/p>\n<p>Fue el int\u00e9rprete m\u00e1s fiel del esp\u00edritu del interior profundo, de aquellos pueblos que quer\u00edan formar parte de la Naci\u00f3n sin ser subordinados a un puerto. El\u00a0Instituto Lopeciano, creado con el prop\u00f3sito de rescatar y difundir la memoria viva del Brigadier, busca devolverle al pa\u00eds una figura injustamente relegada.<\/p>\n<p>L\u00f3pez no fue solo un caudillo de lanza y caballo, fue un estadista visionario, un hombre que comprendi\u00f3 que la soberan\u00eda provincial y la igualdad entre las regiones eran la base sobre la cual deb\u00eda edificarse una Argentina verdaderamente libre y justa. Nacido en Santa Fe en 1786, L\u00f3pez creci\u00f3 entre la frontera, el r\u00edo y la tierra.<\/p>\n<p>Desde joven comprendi\u00f3 que el destino del pa\u00eds se debatir\u00eda entre dos odelos, el centralismo porte\u00f1o, que pretend\u00eda concentrar decisiones y riquezas, y el federalismo, que aspiraba a una confederaci\u00f3n de provincias libres unidas por pactos y no por imposiciones.<\/p>\n<p><strong>Una naci\u00f3n de iguales<\/strong><br \/>\nEn esa encrucijada, L\u00f3pez eligi\u00f3 el lado de los pueblos. Su liderazgo pol\u00edtico y militar se consolid\u00f3 tras la\u00a0Batalla de Cepeda de 1820, cuando las fuerzas federales derrotaron al centralismo.<\/p>\n<p>A partir de entonces, el Brigadier se convirti\u00f3 en uno de los arquitectos del federalismo argentino, defendiendo la soberan\u00eda santafesina con la espada y afirm\u00e1ndola con la pluma al firmar acuerdos como el Pacto Federal de 1831, piedra angular de la futura.<\/p>\n<p>El federalismo de L\u00f3pez no era un gesto coyuntural, era una filosof\u00eda de equilibrio y respeto. So\u00f1aba con una naci\u00f3n de iguales, donde cada provincia tuviera voz y capacidad de decidir su destino. Entend\u00eda que la justicia deb\u00eda nacer desde abajo, que el poder deb\u00eda distribuirse, y que la identidad nacional se constru\u00eda con la diversidad de sus regiones.<\/p>\n<p>Bajo su mando, Santa Fe se convirti\u00f3 en un modelo de organizaci\u00f3n institucional y de prudencia pol\u00edtica. L\u00f3pez combin\u00f3 firmeza con austeridad, fortaleza con di\u00e1logo. Su visi\u00f3n de la gesti\u00f3n p\u00fablica anticip\u00f3 lo que hoy llamar\u00edamos un federalismo social, un sistema donde la equidad y la cooperaci\u00f3n entre provincias prevalecieran sobre la dominaci\u00f3n o la ventaja.<\/p>\n<p>Desde el Instituto Lopeciano, trabajamos con la convicci\u00f3n de que el pensamiento y la acci\u00f3n de Estanislao L\u00f3pez deben ocupar el lugar que la historia le debe. No se trata solo de rendir homenaje, sino de reconstruir el sentido original del federalismo como base del proyecto argentino.<\/p>\n<p><strong>Modelo de liderazgo<\/strong><br \/>\nL\u00f3pez fue un constructor de consensos, un defensor de la paz interior y un promotor de la dignidad provincial frente a las imposiciones externas. Su ejemplo sigue siendo una herramienta pedag\u00f3gica y pol\u00edtica para las nuevas generaciones. Nuestra tarea es difundir los valores que guiaron su vida p\u00fablica, la autonom\u00eda, la justicia, la sobriedad y el respeto por la diversidad regional.<\/p>\n<p>Queremos que el nombre de L\u00f3pez se pronuncie con orgullo en las escuelas, universidades y espacios culturales. No como una figura distante, sino como un modelo de liderazgo \u00e9tico, republicano y profundamente argentino.<\/p>\n<p>En ese marco se inscribe la iniciativa presentada por el diputado nacional Roberto Mirabella, mediante la cual se propone declarar al\u00a0Brigadier General Estanislao L\u00f3pez H\u00e9roe Nacional y Patriarca del Federalismo Argentino, la que fue tratada y aprobada por mayor\u00eda (133 votos positivos, 0 negativos y 5 abstenciones).<\/p>\n<p>No es un simple gesto simb\u00f3lico, es una reparaci\u00f3n hist\u00f3rica y una reafirmaci\u00f3n de los valores federales que dieron origen a la Rep\u00fablica. El proyecto, acompa\u00f1ado por el Instituto Lopeciano, busca restituir a L\u00f3pez el lugar que le corresponde junto a figuras como\u00a0Mart\u00edn Miguel de G\u00fcemes y Jos\u00e9 Gervasio Artigas.<\/p>\n<p>Fue un l\u00edder que defendi\u00f3 la soberan\u00eda provincial sin romper la unidad nacional, un estratega pol\u00edtico que entendi\u00f3 que la verdadera fuerza de la Argentina deb\u00eda surgir de su diversidad y no de la uniformidad.<\/p>\n<p>Este reconocimiento no solo honra al pasado, sino que reafirma un rumbo de pa\u00eds, el de una Argentina equilibrada, con instituciones que respeten la pluralidad de voces y la equidad territorial. L\u00f3pez muri\u00f3 en 1838, pero su legado contin\u00faa latiendo en la identidad santafesina y argentina.<\/p>\n<p><strong>Austero, firme y de palabra<\/strong><br \/>\nEl Brigadier Fue un hombre austero, firme y de palabra. No se sirvi\u00f3 del poder, puso el poder al servicio del pueblo. Esa concepci\u00f3n \u00e9tica de la pol\u00edtica -tan escasa en nuestros tiempos- lo convierte en una figura profundamente contempor\u00e1nea.<\/p>\n<p>Su ejemplo nos recuerda que la unidad nacional no se construye desde la imposici\u00f3n, sino desde el respeto mutuo y la distribuci\u00f3n justa de los recursos. Que el desarrollo no se logra concentrando poder, sino comparti\u00e9ndolo. Que la soberan\u00eda no se declama, se ejerce, d\u00eda a d\u00eda, desde cada rinc\u00f3n del pa\u00eds.<\/p>\n<p>En momentos donde resurgen las tensiones entre el centro y las regiones, volver a L\u00f3pez es reencontrarse con la ra\u00edz federal de nuestra identidad colectiva. El t\u00edtulo de H\u00e9roe Nacional que impulsamos no busca inmovilizarlo en el bronce. Por el contrario, pretende devolverle movimiento y vigencia, incorporando su pensamiento al debate actual sobre el pa\u00eds que queremos ser.<\/p>\n<p>Cada vez que una provincia reclama igualdad de oportunidades frente al centralismo, cada vez que una comunidad defiende su autonom\u00eda sin romper la unidad, el esp\u00edritu del Brigadier vuelve a cabalgar sobre estas tierras. Es el mismo esp\u00edritu que inspira la tarea del Instituto Lopeciano, la convicci\u00f3n de que la historia no es pasado, sino herramienta para construir el futuro.<\/p>\n<p>El federalismo de L\u00f3pez no fue un ideal abstracto. Fue una pr\u00e1ctica concreta de justicia y equilibrio. Su vida demuestra que la verdadera grandeza pol\u00edtica no est\u00e1 en el poder que se acumula, sino en el poder que se comparte.<\/p>\n<p>El reconocimiento legislativo que proponemos es m\u00e1s que una distinci\u00f3n, es una declaraci\u00f3n de principios.<br \/>\nReivindicar a Estanislao L\u00f3pez como H\u00e9roe Nacional significa afirmar que la Argentina se construye desde sus provincias, que la diversidad es su fortaleza y que la unidad solo es aut\u00e9ntica cuando se basa en la equidad. Porque L\u00f3pez no fue un hombre del pasado, fue un hombre del porvenir. Y el porvenir, como \u00e9l sab\u00eda, siempre se construye con memoria, justicia y coraje.<\/p>\n<p>Ariel R. Fern\u00e1ndez<\/p>\n<p>El autor de la nota, licenciado Ariel R. Fern\u00e1ndez, es el presidente del Instituto Lopeciano de Santa Fe.<\/p>\n<h6>Fuente: El Litoral<\/h6>\n","protected":false},"excerpt":{"rendered":"<p>El Instituto Lopeciano revitaliza la figura de L\u00f3pez, destacando su visi\u00f3n de una Argentina unida por la diversidad y la equidad entre provincias.<\/p>\n","protected":false},"author":2,"featured_media":159979,"comment_status":"closed","ping_status":"closed","sticky":false,"template":"","format":"standard","meta":{"footnotes":""},"categories":[6],"tags":[10],"class_list":["post-159978","post","type-post","status-publish","format-standard","has-post-thumbnail","hentry","category-opiniones","tag-santa-fe"],"_links":{"self":[{"href":"http:\/\/argentinamunicipal.com.ar\/argentina\/wp-json\/wp\/v2\/posts\/159978","targetHints":{"allow":["GET"]}}],"collection":[{"href":"http:\/\/argentinamunicipal.com.ar\/argentina\/wp-json\/wp\/v2\/posts"}],"about":[{"href":"http:\/\/argentinamunicipal.com.ar\/argentina\/wp-json\/wp\/v2\/types\/post"}],"author":[{"embeddable":true,"href":"http:\/\/argentinamunicipal.com.ar\/argentina\/wp-json\/wp\/v2\/users\/2"}],"replies":[{"embeddable":true,"href":"http:\/\/argentinamunicipal.com.ar\/argentina\/wp-json\/wp\/v2\/comments?post=159978"}],"version-history":[{"count":1,"href":"http:\/\/argentinamunicipal.com.ar\/argentina\/wp-json\/wp\/v2\/posts\/159978\/revisions"}],"predecessor-version":[{"id":159980,"href":"http:\/\/argentinamunicipal.com.ar\/argentina\/wp-json\/wp\/v2\/posts\/159978\/revisions\/159980"}],"wp:featuredmedia":[{"embeddable":true,"href":"http:\/\/argentinamunicipal.com.ar\/argentina\/wp-json\/wp\/v2\/media\/159979"}],"wp:attachment":[{"href":"http:\/\/argentinamunicipal.com.ar\/argentina\/wp-json\/wp\/v2\/media?parent=159978"}],"wp:term":[{"taxonomy":"category","embeddable":true,"href":"http:\/\/argentinamunicipal.com.ar\/argentina\/wp-json\/wp\/v2\/categories?post=159978"},{"taxonomy":"post_tag","embeddable":true,"href":"http:\/\/argentinamunicipal.com.ar\/argentina\/wp-json\/wp\/v2\/tags?post=159978"}],"curies":[{"name":"wp","href":"https:\/\/api.w.org\/{rel}","templated":true}]}}