{"id":15998,"date":"2014-10-07T10:13:00","date_gmt":"2014-10-07T13:13:00","guid":{"rendered":"http:\/\/argentinamunicipal.com.ar\/argentina\/?p=15998"},"modified":"2014-10-07T10:13:00","modified_gmt":"2014-10-07T13:13:00","slug":"mapuches-reclaman-que-la-municipalidad-de-bariloche-se-reconozca-intercultural","status":"publish","type":"post","link":"http:\/\/argentinamunicipal.com.ar\/argentina\/mapuches-reclaman-que-la-municipalidad-de-bariloche-se-reconozca-intercultural\/","title":{"rendered":"Mapuches reclaman que la Municipalidad de Bariloche se reconozca intercultural"},"content":{"rendered":"<p><a href=\"http:\/\/argentinamunicipal.com.ar\/argentina\/wp-content\/uploads\/2014\/10\/8db10ff807f25822ce4ddba6a92d4ffb_L.jpg\"><img loading=\"lazy\" decoding=\"async\" class=\"aligncenter size-full wp-image-15999\" src=\"http:\/\/argentinamunicipal.com.ar\/argentina\/wp-content\/uploads\/2014\/10\/8db10ff807f25822ce4ddba6a92d4ffb_L.jpg\" alt=\"8db10ff807f25822ce4ddba6a92d4ffb_L\" width=\"800\" height=\"738\" srcset=\"http:\/\/argentinamunicipal.com.ar\/argentina\/wp-content\/uploads\/2014\/10\/8db10ff807f25822ce4ddba6a92d4ffb_L.jpg 800w, http:\/\/argentinamunicipal.com.ar\/argentina\/wp-content\/uploads\/2014\/10\/8db10ff807f25822ce4ddba6a92d4ffb_L-300x276.jpg 300w\" sizes=\"auto, (max-width: 800px) 100vw, 800px\" \/><\/a><br \/>\nPresentar\u00e1n un proyecto de ordenanza. El cometido es que los derechos que reconoci\u00f3 la Carta Org\u00e1nica en 2007, comiencen a aplicarse en la pr\u00e1ctica. Demandan pol\u00edticas p\u00fablicas interculturales.<\/p>\n<p>Diversas expresiones mapuches de Bariloche presentar\u00e1n en el Concejo Municipal un proyecto para que la Municipalidad de esta ciudad se reconozca intercultural. Con ese cometido, Est\u00e1 previsto un primer encuentro con los concejales de los distintos bloques ma\u00f1ana a las 9:45, en cuyo transcurso miembros del pueblo originario dar\u00e1n a conocer la propuesta en la que trabajan hace meses.<\/p>\n<p>La inquietud surgi\u00f3 ante la persistente mora en la que incurre la Municipalidad a la hora de instrumentar los derechos que la Carta Org\u00e1nica reconoci\u00f3 al momento de su entrada en vigencia, es decir, siete a\u00f1os atr\u00e1s. Hubo reuniones con el ex intendente Omar Goye para avanzar en su implementaci\u00f3n, pero la revocatoria de su mandato que decidi\u00f3 la ciudadan\u00eda barilochense, provoc\u00f3 una nueva dilaci\u00f3n.<\/p>\n<p>A instancias del Espacio de Articulaci\u00f3n Mapuche, otras organizaciones y comunidades con presencia en la jurisdicci\u00f3n municipal de Bariloche, retomaron el trabajo dos meses atr\u00e1s. Del grupo tambi\u00e9n tomaron parte vecinos mapuches que no integran organizaciones, adem\u00e1s de referentes del mundo acad\u00e9mico local. El resultado de la labor es un proyecto por el cual la Municipalidad de Bariloche deber\u00eda reconocerse intercultural, concepto que al adoptarse, permitir\u00eda avanzar hacia el cumplimiento de los derechos que aparecen en la Carta Org\u00e1nica.<\/p>\n<p>A trav\u00e9s de su art\u00edculo 210, la \u201cconstituci\u00f3n de la ciudad\u201d establece que \u201creconoce la preexistencia del Pueblo Mapuche y de los dem\u00e1s pueblos originarios de la regi\u00f3n, adhiriendo al plexo normativo vigente en materia ind\u00edgena\u201d. \u00c9ste se conforma sobre todo con la Ley 24.071, a trav\u00e9s de la cual la Argentina implement\u00f3 los contenidos del Convenio 169 de la OIT sobre Pueblos Ind\u00edgenas y Tribales. En R\u00edo Negro rigen adem\u00e1s la Constituci\u00f3n de la provincia y la Ley 2.287 Integral del Ind\u00edgena.<\/p>\n<p>El segundo apartado del art\u00edculo 210, expresa que la Municipalidad de Bariloche \u201cgarantiza el respeto a su identidad y promueve el derecho a una educaci\u00f3n biling\u00fce e intercultural que contribuya a preservar y fortalecer sus pautas culturales, su lengua, cosmovisi\u00f3n e identidad \u00e9tnica, procurando su desempe\u00f1o activo en un mundo multicultural y el mejoramiento de su calidad de vida\u201d.<\/p>\n<h3>Superar la\u00a0\u201cletra muerta\u201d<\/h3>\n<p>Si bien en estos y otros lineamientos la Carta Org\u00e1nica local puede considerarse de avanzada, la opini\u00f3n que prevalece entre los mapuches de Bariloche es que hasta el momento, se trata de \u201cletra muerta\u201d, ya que en t\u00e9rminos generales, las sucesivas gestiones municipales que gobernaron desde 2007 hasta hoy, nada hicieron para llevar a la pr\u00e1ctica esos postulados. No obstante, hubo una reuni\u00f3n meses atr\u00e1s con la intendenta Mar\u00eda Eugenia Martini en la \u201cRuka Mapuche Furilofche\u201d, en cuyo transcurso la jefa comunal mostr\u00f3 buena predisposici\u00f3n.<\/p>\n<p>En los fundamentos del proyecto que elaboraron, los mapuches entienden al concepto de interculturalidad \u201ccomo herramienta de descolonizaci\u00f3n y transformaci\u00f3n de un Estado mono-cultural y homogeneizante, hacia un Estado pluricultural, apuntando al ejercicio de los derechos humanos, derechos colectivos y de la \u00d1uke Mapu (Madre Tierra), involucrando a la sociedad entera\u201d.<\/p>\n<p>Seg\u00fan el articulado que se proyect\u00f3, \u201cla Municipalidad arbitrar\u00e1 los medios y recursos econ\u00f3micos necesarios a fin de que sus espacios administrativos y de intervenci\u00f3n se adecuen a esta ordenanza, para implementar y fomentar pol\u00edticas p\u00fablicas interculturales, en base al respeto a la cosmovisi\u00f3n, filosof\u00eda y conocimiento ancestral mapuche y el mapuzungun (idioma mapuche)\u201d.<\/p>\n<p>Si finalmente prospera la iniciativa, el Estado municipal \u201cpromover\u00e1 pol\u00edticas p\u00fablicas de educaci\u00f3n y comunicaci\u00f3n a residentes y visitantes sobre los alcances de este reconocimiento\u201d, es decir, la interculturalidad. Por otro lado, la propuesta tambi\u00e9n busca que se declare \u201ccomo d\u00edas conmemorativos, con car\u00e1cter de no laborables para quienes comparten el Kamarikun y Wi\u00f1oy Xipant\u00fc como expresiones de su espiritualidad y pertenencia al Pueblo Mapuche\u201d. La primera de las ceremonias se realiza entre febrero y marzo generalmente, mientras que la segunda entre el 19 y el 24 de junio, seg\u00fan en qu\u00e9 momento se produzca el solsticio de invierno.<\/p>\n<p>Seg\u00fan dio a conocer Sanmartiniano Painefil, integrante del Espacio de Articulaci\u00f3n Mapuche, los concejales respondieron a una solicitud de reuni\u00f3n que se elev\u00f3 por escrito sobre fines de la semana pasada. La realizaci\u00f3n del c\u00f3nclave se fij\u00f3 para ma\u00f1ana a las 9:45 en la Sala de Sesiones del \u00f3rgano deliberante. El referente mapuche inform\u00f3 que por su parte, est\u00e1n invitados los distintos sectores que tomaron parte de la redacci\u00f3n de la propuesta y tambi\u00e9n los dem\u00e1s vecinos mapuches de Bariloche que consideren necesario avanzar en sus demandas.<\/p>\n<h6>Fuente: El Cordillerano<\/h6>\n","protected":false},"excerpt":{"rendered":"<p>Presentar\u00e1n un proyecto de ordenanza. El cometido es que los derechos que reconoci\u00f3 la Carta Org\u00e1nica en 2007, comiencen a aplicarse en la pr\u00e1ctica. Demandan pol\u00edticas p\u00fablicas interculturales. Diversas expresiones mapuches de Bariloche presentar\u00e1n en el Concejo Municipal un proyecto para que la Municipalidad de esta ciudad se reconozca intercultural. Con ese cometido, Est\u00e1 previsto<\/p>\n","protected":false},"author":2,"featured_media":15999,"comment_status":"closed","ping_status":"closed","sticky":false,"template":"","format":"standard","meta":{"footnotes":""},"categories":[2,4],"tags":[11],"class_list":["post-15998","post","type-post","status-publish","format-standard","has-post-thumbnail","hentry","category-informe-municipal","category-informe-politico","tag-rio-negro"],"_links":{"self":[{"href":"http:\/\/argentinamunicipal.com.ar\/argentina\/wp-json\/wp\/v2\/posts\/15998","targetHints":{"allow":["GET"]}}],"collection":[{"href":"http:\/\/argentinamunicipal.com.ar\/argentina\/wp-json\/wp\/v2\/posts"}],"about":[{"href":"http:\/\/argentinamunicipal.com.ar\/argentina\/wp-json\/wp\/v2\/types\/post"}],"author":[{"embeddable":true,"href":"http:\/\/argentinamunicipal.com.ar\/argentina\/wp-json\/wp\/v2\/users\/2"}],"replies":[{"embeddable":true,"href":"http:\/\/argentinamunicipal.com.ar\/argentina\/wp-json\/wp\/v2\/comments?post=15998"}],"version-history":[{"count":0,"href":"http:\/\/argentinamunicipal.com.ar\/argentina\/wp-json\/wp\/v2\/posts\/15998\/revisions"}],"wp:featuredmedia":[{"embeddable":true,"href":"http:\/\/argentinamunicipal.com.ar\/argentina\/wp-json\/wp\/v2\/media\/15999"}],"wp:attachment":[{"href":"http:\/\/argentinamunicipal.com.ar\/argentina\/wp-json\/wp\/v2\/media?parent=15998"}],"wp:term":[{"taxonomy":"category","embeddable":true,"href":"http:\/\/argentinamunicipal.com.ar\/argentina\/wp-json\/wp\/v2\/categories?post=15998"},{"taxonomy":"post_tag","embeddable":true,"href":"http:\/\/argentinamunicipal.com.ar\/argentina\/wp-json\/wp\/v2\/tags?post=15998"}],"curies":[{"name":"wp","href":"https:\/\/api.w.org\/{rel}","templated":true}]}}