{"id":160036,"date":"2025-10-22T05:32:54","date_gmt":"2025-10-22T08:32:54","guid":{"rendered":"http:\/\/argentinamunicipal.com.ar\/argentina\/?p=160036"},"modified":"2025-10-17T05:53:39","modified_gmt":"2025-10-17T08:53:39","slug":"rio-tercero-fiesta-de-la-capital-nacional-del-deportista","status":"publish","type":"post","link":"http:\/\/argentinamunicipal.com.ar\/argentina\/rio-tercero-fiesta-de-la-capital-nacional-del-deportista\/","title":{"rendered":"R\u00edo Tercero: Fiesta de la Capital Nacional del Deportista"},"content":{"rendered":"<p>Baglietto-Vitale, Los Tekis, Vilma Palma y otros estar\u00e1n en el escenario. Todo, con entrada gratis.<\/p>\n<p>El municipio de R\u00edo Tercero present\u00f3 este martes la programaci\u00f3n de lo que ser\u00e1 la tercera edici\u00f3n de la Fiesta de la Capital Nacional del Deportista. Ser\u00e1n tres tardes y noches con una grilla de reconocidos artistas nacionales.<\/p>\n<p>La fiesta tendr\u00e1 lugar los d\u00edas viernes 31 de octubre y s\u00e1bado 1\u00b0 y domingo 2 de noviembre, al aire libre, en el predio del Paseo del Riel, del centro de la ciudad.<\/p>\n<p>Las tres jornadas ser\u00e1n con entrada libre y gratuita para todo p\u00fablico, por lo que se alimenta la expectativa de una gran convocatoria, de la ciudad y de una amplia regi\u00f3n.<\/p>\n<p>La fiesta tendr\u00e1 variados puestos del rubro gastron\u00f3mico y un sector para artesanos y emprendedores.<\/p>\n<p>La presentaci\u00f3n fue encabezada por el intendente Marcos Ferrer, acompa\u00f1ado por el productor art\u00edstico Daniel Barrionuevo (hermano del m\u00fasico Raly Barrionuevo), Mart\u00edn Caggia, encargado por el municipio de la parte gastron\u00f3mica, y Magda Ruffini, una joven artista local.<\/p>\n<p>Los Tekis en el Festival Nacional del Folklore. Pronto actuar\u00e1n en R\u00edo Tercero (La Voz)<br \/>\nFerrer se\u00f1al\u00f3 que la organizaci\u00f3n representa un gran desaf\u00edo para la Municipalidad, en el actual contexto econ\u00f3mico de crisis. Aunque no precis\u00f3 cifras ni valores de contratos, apunt\u00f3 que el evento \u201cest\u00e1 cerca de tener costo cero\u201d para el municipio, gracias al apoyo que brindan el esponsoreo privado, entre ellos una conocida marca de bebidas gaseosas.<\/p>\n<p>Los artistas<br \/>\nEl viernes 31 de octubre la grilla art\u00edstica estar\u00e1 conformada por bandas locales.<\/p>\n<p>El escenario mayor, que tendr\u00e1 un frente de 15 metros, por 10 de ancho y otros 10 de alto, se habilitar\u00e1 para s\u00e1bado y domingo.<\/p>\n<p>El s\u00e1bado 1\u00b0 de noviembre actuar\u00e1n Los Pamae, banda de cumbia santafesina conformada por hijos y familiares de Los Palmeras, adem\u00e1s del grupo Vilma Palma e Vampiros.<\/p>\n<p>El domingo se presentar\u00e1n en concierto Juan Carlos Baglietto y Lito Vitale, y se agregar\u00e1 el grupo de folklore juje\u00f1o Los Tekis.<\/p>\n<p>Mart\u00edn Caggia anticip\u00f3 que el sector gastron\u00f3mico tendr\u00e1 unos 25 puestos de comidas, entre carpas y\u00a0food trucks.<\/p>\n<h6>Fuente: La Voz<\/h6>\n","protected":false},"excerpt":{"rendered":"<p>Baglietto-Vitale, Los Tekis, Vilma Palma y otros estar\u00e1n en el escenario. Todo, con entrada gratis.<\/p>\n","protected":false},"author":2,"featured_media":160037,"comment_status":"closed","ping_status":"closed","sticky":false,"template":"","format":"standard","meta":{"footnotes":""},"categories":[47],"tags":[3],"class_list":["post-160036","post","type-post","status-publish","format-standard","has-post-thumbnail","hentry","category-fiestas","tag-cordoba"],"_links":{"self":[{"href":"http:\/\/argentinamunicipal.com.ar\/argentina\/wp-json\/wp\/v2\/posts\/160036","targetHints":{"allow":["GET"]}}],"collection":[{"href":"http:\/\/argentinamunicipal.com.ar\/argentina\/wp-json\/wp\/v2\/posts"}],"about":[{"href":"http:\/\/argentinamunicipal.com.ar\/argentina\/wp-json\/wp\/v2\/types\/post"}],"author":[{"embeddable":true,"href":"http:\/\/argentinamunicipal.com.ar\/argentina\/wp-json\/wp\/v2\/users\/2"}],"replies":[{"embeddable":true,"href":"http:\/\/argentinamunicipal.com.ar\/argentina\/wp-json\/wp\/v2\/comments?post=160036"}],"version-history":[{"count":1,"href":"http:\/\/argentinamunicipal.com.ar\/argentina\/wp-json\/wp\/v2\/posts\/160036\/revisions"}],"predecessor-version":[{"id":160038,"href":"http:\/\/argentinamunicipal.com.ar\/argentina\/wp-json\/wp\/v2\/posts\/160036\/revisions\/160038"}],"wp:featuredmedia":[{"embeddable":true,"href":"http:\/\/argentinamunicipal.com.ar\/argentina\/wp-json\/wp\/v2\/media\/160037"}],"wp:attachment":[{"href":"http:\/\/argentinamunicipal.com.ar\/argentina\/wp-json\/wp\/v2\/media?parent=160036"}],"wp:term":[{"taxonomy":"category","embeddable":true,"href":"http:\/\/argentinamunicipal.com.ar\/argentina\/wp-json\/wp\/v2\/categories?post=160036"},{"taxonomy":"post_tag","embeddable":true,"href":"http:\/\/argentinamunicipal.com.ar\/argentina\/wp-json\/wp\/v2\/tags?post=160036"}],"curies":[{"name":"wp","href":"https:\/\/api.w.org\/{rel}","templated":true}]}}