{"id":160046,"date":"2025-10-17T05:55:43","date_gmt":"2025-10-17T08:55:43","guid":{"rendered":"http:\/\/argentinamunicipal.com.ar\/argentina\/?p=160046"},"modified":"2025-10-17T05:55:43","modified_gmt":"2025-10-17T08:55:43","slug":"marull-la-10a-edicion-de-asadoras-se-realizara-este-sabado-con-una-importante-grilla-de-artistas","status":"publish","type":"post","link":"http:\/\/argentinamunicipal.com.ar\/argentina\/marull-la-10a-edicion-de-asadoras-se-realizara-este-sabado-con-una-importante-grilla-de-artistas\/","title":{"rendered":"Marull: la 10a. edici\u00f3n de \u00abAsadoras\u00bb se realizar\u00e1 este s\u00e1bado con una importante grilla de artistas"},"content":{"rendered":"<p>La localidad del departamento San Justo se apresta para recibir a los equipos de mujeres que participar\u00e1n de \u00abAsadoras 2025\u00bb. En la oportunidad, se lanzar\u00e1 el primer concurso de Pan Casero. La cita es el 18 de octubre, a partir de las 16.30, en el Predio del Ferrocarril.<\/p>\n<p>Marull se prepara para una gran fiesta. Este s\u00e1bado 18 de octubre, desde las 16.30 y en el Predio del Ferrocarril, se llevar\u00e1 a cabo \u00abAsadoras 2025\u00bb, el evento gastron\u00f3mico que ya va por la d\u00e9cima edici\u00f3n.<\/p>\n<p>\u00abEn la previa del D\u00eda de la Madre, las mujeres encender\u00e1n el fuego y pondr\u00e1n a punto las parrillas, para tirar toda la carne en el asador. Y como si eso fuera poco, tambi\u00e9n se lanza el primer concurso de Pan Casero\u00bb, inform\u00f3 el medio local El Diario del Pueblo.<\/p>\n<p><strong>Un festival que crece<\/strong><br \/>\n\u00abAsadoras 2025\u00bb llega con novedades en esta edici\u00f3n. El festival gastron\u00f3mico de Marull se llevar\u00e1 a cabo en el Predio del Ferrocarril, con entrada libre y gratuita, y la primera y gran novedad es que esta vez no se realizar\u00e1 un domingo, si no el s\u00e1bado 18, desde las 16.30, y hasta la noche.<\/p>\n<p>Equipos de mujeres de toda la regi\u00f3n ya se inscribieron para la competencia que elegir\u00e1 a la mejor dupla de asadoras. Adem\u00e1s, habr\u00e1\u00a0shows en vivo, mercado de sabores de Ansenuza con lo mejor de la regi\u00f3n, y feria de emprendedores.<\/p>\n<p>Se destaca la actuaci\u00f3n de Los Trajinantes, Entrevero, Imperio Gaucho, Lucas Oca\u00f1o y Ronda V\u00e1zquez y La Pulper\u00eda; junto a la Escuela Municipal de Arroyito, el Taller Municipal de Folclore y el Ballet del Centro de Jubilados y Pensionados de Marull.<\/p>\n<h6>Fuente: La Nueva ma\u00f1ana<\/h6>\n","protected":false},"excerpt":{"rendered":"<p>La localidad del departamento San Justo se apresta para recibir a los equipos de mujeres que participar\u00e1n de \u00abAsadoras 2025\u00bb.<\/p>\n","protected":false},"author":2,"featured_media":160047,"comment_status":"closed","ping_status":"closed","sticky":false,"template":"","format":"standard","meta":{"footnotes":""},"categories":[47],"tags":[3],"class_list":["post-160046","post","type-post","status-publish","format-standard","has-post-thumbnail","hentry","category-fiestas","tag-cordoba"],"_links":{"self":[{"href":"http:\/\/argentinamunicipal.com.ar\/argentina\/wp-json\/wp\/v2\/posts\/160046","targetHints":{"allow":["GET"]}}],"collection":[{"href":"http:\/\/argentinamunicipal.com.ar\/argentina\/wp-json\/wp\/v2\/posts"}],"about":[{"href":"http:\/\/argentinamunicipal.com.ar\/argentina\/wp-json\/wp\/v2\/types\/post"}],"author":[{"embeddable":true,"href":"http:\/\/argentinamunicipal.com.ar\/argentina\/wp-json\/wp\/v2\/users\/2"}],"replies":[{"embeddable":true,"href":"http:\/\/argentinamunicipal.com.ar\/argentina\/wp-json\/wp\/v2\/comments?post=160046"}],"version-history":[{"count":1,"href":"http:\/\/argentinamunicipal.com.ar\/argentina\/wp-json\/wp\/v2\/posts\/160046\/revisions"}],"predecessor-version":[{"id":160048,"href":"http:\/\/argentinamunicipal.com.ar\/argentina\/wp-json\/wp\/v2\/posts\/160046\/revisions\/160048"}],"wp:featuredmedia":[{"embeddable":true,"href":"http:\/\/argentinamunicipal.com.ar\/argentina\/wp-json\/wp\/v2\/media\/160047"}],"wp:attachment":[{"href":"http:\/\/argentinamunicipal.com.ar\/argentina\/wp-json\/wp\/v2\/media?parent=160046"}],"wp:term":[{"taxonomy":"category","embeddable":true,"href":"http:\/\/argentinamunicipal.com.ar\/argentina\/wp-json\/wp\/v2\/categories?post=160046"},{"taxonomy":"post_tag","embeddable":true,"href":"http:\/\/argentinamunicipal.com.ar\/argentina\/wp-json\/wp\/v2\/tags?post=160046"}],"curies":[{"name":"wp","href":"https:\/\/api.w.org\/{rel}","templated":true}]}}