{"id":160061,"date":"2025-10-20T05:21:00","date_gmt":"2025-10-20T08:21:00","guid":{"rendered":"http:\/\/argentinamunicipal.com.ar\/argentina\/?p=160061"},"modified":"2025-10-20T05:33:42","modified_gmt":"2025-10-20T08:33:42","slug":"un-juez-pidio-informes-al-municipio-de-bariloche-por-el-basural-conicet-debera-realizar-pericias","status":"publish","type":"post","link":"http:\/\/argentinamunicipal.com.ar\/argentina\/un-juez-pidio-informes-al-municipio-de-bariloche-por-el-basural-conicet-debera-realizar-pericias\/","title":{"rendered":"Un juez pidi\u00f3 informes al municipio de Bariloche por el basural: Conicet deber\u00e1 realizar pericias"},"content":{"rendered":"<p>Nueva intimaci\u00f3n en el contexto del amparo impulsado por los propios vecinos hace varios a\u00f1os. Exigi\u00f3 precisiones sobre el actual r\u00e9gimenn de tratamiento de los residuos.<\/p>\n<p>El municipio de Bariloche fue emplazado por el juez civil Cristian Tau Anzo\u00e1tegui a informar \u201cen forma detallada\u201d las tareas que desarrolla para la recolecci\u00f3n y tratamiento de residuos urbanos y el estado operativo del vertedero, que es motivo de continuas quejas desde los barrios cercanos por las emanaciones nauseabundas y los incendios que se producen en el predio.<\/p>\n<p>La intimaci\u00f3n del juez al gobierno encabezado por Walter Cort\u00e9s se complementa con una\u00a0solicitud a t\u00e9cnicos del Conicet para que efect\u00faen una pericia\u00a0sobre el llamado\u00a0\u201cCrum\u201d\u00a0(centro de residuos urbanos municipales), ubicado en el acceso de la ciudad por el sur, cuyo traslado prometido por varios gobiernos municipales, sin avance alguno.<\/p>\n<p>Las actuaciones est\u00e1n enmarcadas en el amparo que impulsaron varias juntas vecinales y otras organizaciones en 2019, ante las repetidas afectaciones a la salud que ocasiona el basural a los habitantes linderos y el incumplimiento de legislaci\u00f3n nacional que proh\u00edbe los repositorios de basura a cielo abierto en \u00e1reas urbanas.<\/p>\n<p>Ese tr\u00e1mite tuvo ya varias idas y venidas, alguna resoluci\u00f3n parcial en favor del municipio y varios informes t\u00e9cnicos, pero los\u00a0amparistas no consiguieron todav\u00eda el objetivo de m\u00e1xima que es el cierre del complejo.<\/p>\n<p>Los\u00a0\u201cpuntos de pericia\u201d\u00a0planteados al Conicet incluyen las\u00a0condiciones actuales de cercado del predio,\u00a0si hay c\u00e1maras de seguridad, c\u00f3mo es el\u00a0r\u00e9gimen de ingresos, los\u00a0controles\u00a0dispuestos por el municipio, y un\u00a0mapeo de caminos internos, la metodolog\u00eda de\u00a0tratamiento\u00a0y clasificaci\u00f3n de los residuos, entre otros.<\/p>\n<p><strong>Relevamiento de contaminaci\u00f3n y un historial de los incendios<\/strong><br \/>\nLa resoluci\u00f3n del\u00a0juez pone la mira tambi\u00e9n en dos temas cr\u00edticos\u00a0y de complejo diagn\u00f3stico. Requiere, por ejemplo, que los especialistas eval\u00faen\u00a0\u201clas condiciones ambientales actuales\u00a0del predio: si hay contaminaci\u00f3n o no y si ello se manifiesta en el suelo o en el ambiente\u201d, incluido el\u00a0eventual tratamiento de lixiviados u \u201cotras medidas que se adopten\u201d\u00a0para garantizar un manejo adecuado de los residuos.<\/p>\n<p>Adem\u00e1s, pide precisiones sobre\u00a0\u201cla cantidad de incendios ocasionados en el Crum desde 2019\u00a0hasta la actualidad y si se pueden determinar sus causas\u201d. Esa reconstrucci\u00f3n resulta casi imposible, a juzgar por los propios demandantes, porque todas las medidas preventivas han resultado insuficientes y en determinadas \u00e9pocas del a\u00f1o\u00a0los incendios se suceden casi a diario.<\/p>\n<p>La semana \u00faltima se produjo la \u00faltima crisis de ese tipo, en jornadas muy ventosas, que expandieron el humo sobre un amplio radio.<\/p>\n<p>Al mismo tiempo, el juez\u00a0Tau Anzo\u00e1tegui reclam\u00f3 al municipio que en un plazo de 10 d\u00edas informe cu\u00e1l es el plan actualmente en aplicaci\u00f3n\u00a0para el tratamiento de basura, las medidas de recolecci\u00f3n y clasificaci\u00f3n, si existe registro diario del volumen de desechos que ingresa al vertedero, qu\u00e9 tratamiento reciben los residuos comunes y los forestales y qu\u00e9 maquinaria aplican a esa tarea.<\/p>\n<p>Tambi\u00e9n pregunta sobre la existencia de\u00a0\u201cpuntos verdes\u201d\u00a0en la ciudad (que alguna vez fueron numerosos, pero que el municipio tiende a eliminar), si hay\u00a0zanjas de drenaje, tratamiento de gases, recolecci\u00f3n de \u201cl\u00edquidos percolados\u201d\u00a0y si existe gesti\u00f3n de aguas pluviales.<\/p>\n<p>Este medio busc\u00f3 conocer la postura del gobierno municipal sobre el tema, pero secretario de Servicios, Jorge Quilaleo, no respondi\u00f3 los llamados.<\/p>\n<p>Tom\u00e1s Guevara, uno de los amparistas, dijo que el largo tr\u00e1mite judicial incluy\u00f3 una apelaci\u00f3n ante el STJ,\u00a0un cambio de juez y un fallo reciente que acogi\u00f3 reclamo, pero sin plazos estrictos de ejecuci\u00f3n.<\/p>\n<p>Y que la pericia independiente encargada en este caso\u00a0es \u201cun gran paso adelante\u201d\u00a0para ahondar en el seguimiento del caso.<\/p>\n<p>Se\u00f1al\u00f3 tambi\u00e9n que adem\u00e1s de los resultados que puedan obtener por v\u00eda judicial,\u00a0est\u00e1n esperanzados en la iniciativa que tom\u00f3 la nueva Defensora del Pueblo\u00a0municipal, Mariana Miruth, quien\u00a0decidi\u00f3 \u201cabocarse\u201d al conflicto del vertedero\u00a0y convoc\u00f3 a una \u201cmesa de trabajo\u201d a todas las partes para evaluar posibles soluciones.<\/p>\n<h6>Fuente: R\u00edo Negro<\/h6>\n","protected":false},"excerpt":{"rendered":"<p>Nueva intimaci\u00f3n en el contexto del amparo impulsado por los propios vecinos hace varios a\u00f1os. Exigi\u00f3 precisiones sobre el actual r\u00e9gimenn de tratamiento de los residuos.<\/p>\n","protected":false},"author":2,"featured_media":160062,"comment_status":"closed","ping_status":"closed","sticky":false,"template":"","format":"standard","meta":{"footnotes":""},"categories":[2],"tags":[11],"class_list":["post-160061","post","type-post","status-publish","format-standard","has-post-thumbnail","hentry","category-informe-municipal","tag-rio-negro"],"_links":{"self":[{"href":"http:\/\/argentinamunicipal.com.ar\/argentina\/wp-json\/wp\/v2\/posts\/160061","targetHints":{"allow":["GET"]}}],"collection":[{"href":"http:\/\/argentinamunicipal.com.ar\/argentina\/wp-json\/wp\/v2\/posts"}],"about":[{"href":"http:\/\/argentinamunicipal.com.ar\/argentina\/wp-json\/wp\/v2\/types\/post"}],"author":[{"embeddable":true,"href":"http:\/\/argentinamunicipal.com.ar\/argentina\/wp-json\/wp\/v2\/users\/2"}],"replies":[{"embeddable":true,"href":"http:\/\/argentinamunicipal.com.ar\/argentina\/wp-json\/wp\/v2\/comments?post=160061"}],"version-history":[{"count":1,"href":"http:\/\/argentinamunicipal.com.ar\/argentina\/wp-json\/wp\/v2\/posts\/160061\/revisions"}],"predecessor-version":[{"id":160063,"href":"http:\/\/argentinamunicipal.com.ar\/argentina\/wp-json\/wp\/v2\/posts\/160061\/revisions\/160063"}],"wp:featuredmedia":[{"embeddable":true,"href":"http:\/\/argentinamunicipal.com.ar\/argentina\/wp-json\/wp\/v2\/media\/160062"}],"wp:attachment":[{"href":"http:\/\/argentinamunicipal.com.ar\/argentina\/wp-json\/wp\/v2\/media?parent=160061"}],"wp:term":[{"taxonomy":"category","embeddable":true,"href":"http:\/\/argentinamunicipal.com.ar\/argentina\/wp-json\/wp\/v2\/categories?post=160061"},{"taxonomy":"post_tag","embeddable":true,"href":"http:\/\/argentinamunicipal.com.ar\/argentina\/wp-json\/wp\/v2\/tags?post=160061"}],"curies":[{"name":"wp","href":"https:\/\/api.w.org\/{rel}","templated":true}]}}