{"id":160067,"date":"2025-10-20T05:31:55","date_gmt":"2025-10-20T08:31:55","guid":{"rendered":"http:\/\/argentinamunicipal.com.ar\/argentina\/?p=160067"},"modified":"2025-10-20T05:33:27","modified_gmt":"2025-10-20T08:33:27","slug":"mendoza-a-casi-10-anos-del-anuncio-como-esta-hoy-el-ecoparque-y-cuando-sera-la-reapertura","status":"publish","type":"post","link":"http:\/\/argentinamunicipal.com.ar\/argentina\/mendoza-a-casi-10-anos-del-anuncio-como-esta-hoy-el-ecoparque-y-cuando-sera-la-reapertura\/","title":{"rendered":"Mendoza: A casi 10 a\u00f1os del anuncio, \u00bfc\u00f3mo est\u00e1 hoy el Ecoparque y cu\u00e1ndo ser\u00e1 la reapertura?"},"content":{"rendered":"<p>Cerca de una d\u00e9cada ha pasado del anuncio inicial y el Ecoparque Mendoza sigue cerrado. Tras las cr\u00edticas, las autoridades anticiparon una pronta reapertura del paseo hist\u00f3rico.<\/p>\n<p>Desde aquel anuncio de su reconversi\u00f3n en 2016, el\u00a0Ecoparque\u00a0Mendoza\u00a0vive una extensa espera. Pese a los anuncios oficiales, sigue cerrado al p\u00fablico por reformas, movimientos de\u00a0animales\u00a0y decisiones administrativas. Ahora, sus responsables prometen que el paseo hist\u00f3rico podr\u00e1 reabrirse en breve, aunque sin una fecha definitiva para el\u00a0Ecoparque\u00a0como centro completo.<\/p>\n<p><strong>Obras, demoras y rehabilitaci\u00f3n con funcionamiento parcial<\/strong><br \/>\nIgnacio Haudet, director de Biodiversidad y del\u00a0Ecoparque, explic\u00f3 que la apertura del \u201cpaseo hist\u00f3rico\u201d dise\u00f1ado por Ramos Correa ser\u00e1 \u201cprobablemente muy pronto\u201d, ya que las obras de infraestructura se preparan para ese fin. Destac\u00f3 que, aunque el acceso p\u00fablico estuvo restringido, \u201cel\u00a0Ecoparque\u00a0como tal nunca se cerr\u00f3\u201d, porque la funci\u00f3n de rehabilitaci\u00f3n y el servicio veterinario siguieron activos.<\/p>\n<p>Agreg\u00f3 que las obras financiadas por el BID se enfocan m\u00e1s bien en el paseo y los espacios administrativos, mientras que lo relacionado a los animales es costeado con fondos provinciales. Tambi\u00e9n dijo que ya se cuenta con un recinto veterinario adaptado (aunque limitado) y que el dise\u00f1o del proyecto arquitect\u00f3nico se trabaj\u00f3 con el equipo veterinario y que ya fue presentado para que se pueda analizar y priorizar de acuerdo a la cartera de obras que tiene la provincia.<\/p>\n<p><strong>Reapertura parcial del Ecoparque y limitaciones<\/strong><br \/>\nLa ministra de Energ\u00eda y Ambiente, Jimena Latorre, dijo que las estructuras est\u00e1n al 87% de avance y que el plazo estimado de entrega de la parte edilicia es diciembre. Aclar\u00f3 que la reactivaci\u00f3n del\u00a0Ecoparque\u00a0no ser\u00e1 un simple zool\u00f3gico: \u201cLa idea es que ese animal no sufra el estr\u00e9s; no vamos a ver el muestrario animal que exist\u00eda antes\u201d, detall\u00f3.<\/p>\n<p>Latorre record\u00f3 que el cierre inicial no fue sobre un terreno vac\u00edo, sino un zool\u00f3gico activo con miles de animales que debieron ser reubicados o tratados. Tambi\u00e9n explic\u00f3 que el dinero del BID pas\u00f3 por Naci\u00f3n antes de llegar a la provincia, lo que gener\u00f3 demoras contractuales.<\/p>\n<p>A\u00fan quedan animales ex\u00f3ticos en el predio (cebras, camellos, monos) que a\u00fan no han podido ser trasladados por falta de santuarios adecuados o cuestiones de viabilidad.<\/p>\n<p><strong>\u00bfUn paseo p\u00fablico en 2025?<\/strong><br \/>\nHaudet y Latorre coinciden en que la apertura no ser\u00e1 para exhibir\u00a0animales\u00a0como antes, sino para ofrecer una vivencia de reflexi\u00f3n ambiental, con\u00a0animales\u00a0libres cuando sea posible y recintos adecuados para quienes deban permanecer en cautiverio. \u201cEse lugar va a ser para reflexi\u00f3n, pero el centro de rescate siempre estuvo disponible\u201d, sostuvo Haudet.<\/p>\n<p>El desaf\u00edo de transformar una instituci\u00f3n pensada en los a\u00f1os 40 en un espacio del siglo XXI, conciliando el bienestar animal, la infraestructura y las expectativas sociales, es sin dudas una tarea sin precedentes. Pero desde el inicio de esa tarea hasta hoy han pasado casi 10 a\u00f1os y mientras tanto, los mendocinos siguen pregunt\u00e1ndose cu\u00e1ndo podr\u00e1n volver a recorrer ese paseo tan emblem\u00e1tico que por a\u00f1os y a\u00f1os fue el lugar m\u00e1s visitado de la provincia.<\/p>\n<h6>Fuente: MDZ<\/h6>\n","protected":false},"excerpt":{"rendered":"<p>Cerca de una d\u00e9cada ha pasado del anuncio inicial y el Ecoparque Mendoza sigue cerrado. Tras las cr\u00edticas, las autoridades anticiparon una pronta reapertura del paseo hist\u00f3rico.<\/p>\n","protected":false},"author":2,"featured_media":160068,"comment_status":"closed","ping_status":"closed","sticky":false,"template":"","format":"standard","meta":{"footnotes":""},"categories":[2],"tags":[31],"class_list":["post-160067","post","type-post","status-publish","format-standard","has-post-thumbnail","hentry","category-informe-municipal","tag-mendoza"],"_links":{"self":[{"href":"http:\/\/argentinamunicipal.com.ar\/argentina\/wp-json\/wp\/v2\/posts\/160067","targetHints":{"allow":["GET"]}}],"collection":[{"href":"http:\/\/argentinamunicipal.com.ar\/argentina\/wp-json\/wp\/v2\/posts"}],"about":[{"href":"http:\/\/argentinamunicipal.com.ar\/argentina\/wp-json\/wp\/v2\/types\/post"}],"author":[{"embeddable":true,"href":"http:\/\/argentinamunicipal.com.ar\/argentina\/wp-json\/wp\/v2\/users\/2"}],"replies":[{"embeddable":true,"href":"http:\/\/argentinamunicipal.com.ar\/argentina\/wp-json\/wp\/v2\/comments?post=160067"}],"version-history":[{"count":1,"href":"http:\/\/argentinamunicipal.com.ar\/argentina\/wp-json\/wp\/v2\/posts\/160067\/revisions"}],"predecessor-version":[{"id":160069,"href":"http:\/\/argentinamunicipal.com.ar\/argentina\/wp-json\/wp\/v2\/posts\/160067\/revisions\/160069"}],"wp:featuredmedia":[{"embeddable":true,"href":"http:\/\/argentinamunicipal.com.ar\/argentina\/wp-json\/wp\/v2\/media\/160068"}],"wp:attachment":[{"href":"http:\/\/argentinamunicipal.com.ar\/argentina\/wp-json\/wp\/v2\/media?parent=160067"}],"wp:term":[{"taxonomy":"category","embeddable":true,"href":"http:\/\/argentinamunicipal.com.ar\/argentina\/wp-json\/wp\/v2\/categories?post=160067"},{"taxonomy":"post_tag","embeddable":true,"href":"http:\/\/argentinamunicipal.com.ar\/argentina\/wp-json\/wp\/v2\/tags?post=160067"}],"curies":[{"name":"wp","href":"https:\/\/api.w.org\/{rel}","templated":true}]}}