{"id":160144,"date":"2025-10-21T06:29:46","date_gmt":"2025-10-21T09:29:46","guid":{"rendered":"http:\/\/argentinamunicipal.com.ar\/argentina\/?p=160144"},"modified":"2025-10-21T06:29:59","modified_gmt":"2025-10-21T09:29:59","slug":"por-la-caida-del-consumo-hay-2-500-puestos-de-trabajo-menos-y-cerraron-1000-pymes-en-mendoza","status":"publish","type":"post","link":"http:\/\/argentinamunicipal.com.ar\/argentina\/por-la-caida-del-consumo-hay-2-500-puestos-de-trabajo-menos-y-cerraron-1000-pymes-en-mendoza\/","title":{"rendered":"Por la ca\u00edda del consumo hay 2.500 puestos de trabajo menos y cerraron 1000 pymes en Mendoza"},"content":{"rendered":"<p>Seg\u00fan la Federaci\u00f3n Econ\u00f3mica de Mendoza, la ca\u00edda del consumo llev\u00f3 a la p\u00e9rdida de casi 2.500 empleos y una capacidad productiva por debajo del 60%.<\/p>\n<p>Santiago Laugero, presidente de la\u00a0Federaci\u00f3n Econ\u00f3mica de Mendoza\u00a0(FEM),\u00a0alert\u00f3 sobre la cr\u00edtica situaci\u00f3n econ\u00f3mica provincial. En\u00a0MDZ Radio,\u00a0expuso una dr\u00e1stica\u00a0ca\u00edda del consumo,\u00a0el cierre de mil empresas y la p\u00e9rdida de casi 2.500 empleos en 18 meses, un diagn\u00f3stico contundente del impacto en las pymes mendocinas en un contexto preelectoral.<\/p>\n<p><strong>Ca\u00edda\u00a0dr\u00e1stica en ventas y consumo<\/strong><br \/>\nLaugero\u00a0se refiri\u00f3 espec\u00edficamente a los \u00faltimos datos de\u00a0consumo, poniendo como ejemplo los resultados del reciente\u00a0D\u00eda de la Madre. \u201cHoy estamos por debajo del 60%\u201d de capacidad productiva, se\u00f1al\u00f3, y respecto a las ventas de esa fecha emblem\u00e1tica, confirm\u00f3: \u201cEn principio una disminuci\u00f3n de m\u00e1s del 3% respecto al a\u00f1o dos mil veinticuatro y casi un siete por ciento por debajo respecto al a\u00f1o dos mil veintitr\u00e9s\u201d.<\/p>\n<p>Detallando las cifras a nivel nacional, indic\u00f3: \u201cEl n\u00famero que estamos manejando (\u2026) es del 3,5%. Un 42% de los comercios se han ubicado o han se\u00f1alado que se ubican en niveles similares a los esperados, un 35% registr\u00f3 resultados inferiores y el 23% logr\u00f3 superar las previsiones\u201d.<\/p>\n<p><strong>Cierre de empresas y p\u00e9rdida de empleo<\/strong><br \/>\nEl dirigente empresarial fue contundente al describir la sangr\u00eda de empresas y puestos de trabajo. \u201cEn los \u00faltimos dieciocho meses ha habido una ca\u00edda de pr\u00e1cticamente mil empleadores, nosotros las empresas que pagan sueldos\u201d, afirm\u00f3. Esta destrucci\u00f3n de empresas tiene una \u201ccorrelaci\u00f3n directa\u201d en la cantidad de trabajadores, con una p\u00e9rdida de \u201ccasi dos mil quinientos, dos mil cuatrocientos trabajadores registrados menos\u201d.<\/p>\n<p>Al ser interrogado sobre los rubros m\u00e1s afectados,\u00a0Laugero\u00a0enumer\u00f3: \u201cServicio de transporte y almacenamiento, la industria manufacturera, informaci\u00f3n y comunicaciones, explotaci\u00f3n de minas y canteras, servicios de alojamiento, hoteler\u00eda y gastronom\u00eda\u201d. Sobre este \u00faltimo, explic\u00f3 que existe \u201cuna correlaci\u00f3n importante vinculado a la ca\u00edda del turismo\u201d, particularmente por la merma en el turismo chileno y brasilero, lo que se vincula con el \u201calto costo argentino\u201d.<\/p>\n<p>En el marco de reuniones con candidatos a diputados nacionales, Laugero hab\u00eda expuesto previamente que la preocupaci\u00f3n central de la FEM est\u00e1 vinculada a \u201cla competitividad de nuestras empresas\u201d y su \u201cdirect\u00edsima vinculaci\u00f3n\u201d con \u201cla realidad del trabajo y la capacidad de consumo de los salarios\u201d. Desde la entidad buscan que desde el Congreso se avance en \u201csimplificaciones de tr\u00e1mites, reformas estructurales vinculadas a dispositivo laboral [y] el acceso al financiamiento\u201d.<\/p>\n<p>El presidente de la FEM remarc\u00f3 la necesidad de que el Estado act\u00fae sobre \u201cproblemas estructurales y coyunturales que muchas veces los privados no podemos resolver\u201d, poniendo como ejemplo la problem\u00e1tica de la plaga de la polilla de la vid (Lobesia botrana), donde \u201cun Estado inteligente, eficiente, y tambi\u00e9n activo, debe ayudar a solucionar esta problem\u00e1tica\u201d.<\/p>\n<h6>Fuente: MDZ<\/h6>\n<p>&nbsp;<\/p>\n","protected":false},"excerpt":{"rendered":"<p>Seg\u00fan la Federaci\u00f3n Econ\u00f3mica de Mendoza, la ca\u00edda del consumo llev\u00f3 a la p\u00e9rdida de casi 2.500 empleos y una capacidad productiva por debajo del 60%.<\/p>\n","protected":false},"author":2,"featured_media":160145,"comment_status":"closed","ping_status":"closed","sticky":false,"template":"","format":"standard","meta":{"footnotes":""},"categories":[5],"tags":[31],"class_list":["post-160144","post","type-post","status-publish","format-standard","has-post-thumbnail","hentry","category-informe-economico","tag-mendoza"],"_links":{"self":[{"href":"http:\/\/argentinamunicipal.com.ar\/argentina\/wp-json\/wp\/v2\/posts\/160144","targetHints":{"allow":["GET"]}}],"collection":[{"href":"http:\/\/argentinamunicipal.com.ar\/argentina\/wp-json\/wp\/v2\/posts"}],"about":[{"href":"http:\/\/argentinamunicipal.com.ar\/argentina\/wp-json\/wp\/v2\/types\/post"}],"author":[{"embeddable":true,"href":"http:\/\/argentinamunicipal.com.ar\/argentina\/wp-json\/wp\/v2\/users\/2"}],"replies":[{"embeddable":true,"href":"http:\/\/argentinamunicipal.com.ar\/argentina\/wp-json\/wp\/v2\/comments?post=160144"}],"version-history":[{"count":1,"href":"http:\/\/argentinamunicipal.com.ar\/argentina\/wp-json\/wp\/v2\/posts\/160144\/revisions"}],"predecessor-version":[{"id":160146,"href":"http:\/\/argentinamunicipal.com.ar\/argentina\/wp-json\/wp\/v2\/posts\/160144\/revisions\/160146"}],"wp:featuredmedia":[{"embeddable":true,"href":"http:\/\/argentinamunicipal.com.ar\/argentina\/wp-json\/wp\/v2\/media\/160145"}],"wp:attachment":[{"href":"http:\/\/argentinamunicipal.com.ar\/argentina\/wp-json\/wp\/v2\/media?parent=160144"}],"wp:term":[{"taxonomy":"category","embeddable":true,"href":"http:\/\/argentinamunicipal.com.ar\/argentina\/wp-json\/wp\/v2\/categories?post=160144"},{"taxonomy":"post_tag","embeddable":true,"href":"http:\/\/argentinamunicipal.com.ar\/argentina\/wp-json\/wp\/v2\/tags?post=160144"}],"curies":[{"name":"wp","href":"https:\/\/api.w.org\/{rel}","templated":true}]}}