{"id":16043,"date":"2014-10-08T09:07:33","date_gmt":"2014-10-08T12:07:33","guid":{"rendered":"http:\/\/argentinamunicipal.com.ar\/argentina\/?p=16043"},"modified":"2014-10-08T09:07:33","modified_gmt":"2014-10-08T12:07:33","slug":"crearan-el-distrito-minero-de-catamarca","status":"publish","type":"post","link":"http:\/\/argentinamunicipal.com.ar\/argentina\/crearan-el-distrito-minero-de-catamarca\/","title":{"rendered":"Crear\u00e1n el Distrito Minero de Catamarca"},"content":{"rendered":"<p><a href=\"http:\/\/argentinamunicipal.com.ar\/argentina\/wp-content\/uploads\/2014\/10\/alumbrera1.jpg\"><img loading=\"lazy\" decoding=\"async\" class=\"alignleft size-full wp-image-16044\" src=\"http:\/\/argentinamunicipal.com.ar\/argentina\/wp-content\/uploads\/2014\/10\/alumbrera1.jpg\" alt=\"alumbrera1\" width=\"350\" height=\"272\" srcset=\"http:\/\/argentinamunicipal.com.ar\/argentina\/wp-content\/uploads\/2014\/10\/alumbrera1.jpg 350w, http:\/\/argentinamunicipal.com.ar\/argentina\/wp-content\/uploads\/2014\/10\/alumbrera1-300x233.jpg 300w\" sizes=\"auto, (max-width: 350px) 100vw, 350px\" \/><\/a>El acuerdo con empresas privadas incluye los proyectos de Cerro Atajo y Agua Rica. \u00abVa a haber trabajo por m\u00e1s tiempo, con mano de obra catamarque\u00f1a\u00bb.<\/p>\n<p>Luc\u00eda Corpacci, gobernadora de Catamarca, anunci\u00f3 esta ma\u00f1ana que se lleg\u00f3 a un acuerdo para la creaci\u00f3n del Distrito Minero Catamarca.<\/p>\n<p>El memorando firmado entre las empresas Camyen (Catamarca Minera y Energ\u00e9tica) y Yamana, incluye los proyectos de Cerro Atajo y Agua Rica, y otros posibles yacimientos que se encuentren en la provincia.<\/p>\n<p>El acuerdo, seg\u00fan la nota publicada por el portal \u00abCatamarca Actual\u00bb, considera la futura participaci\u00f3n de otras empresas mineras, como por ejemplo YMAD (Yacimientos Mineros Aguas del Dionisio), que ya viene trabajando en un modelo asociativo con la provincia.<\/p>\n<p>\u00abEl acuerdo -djo Corpacci- significa no solo que los que est\u00e1n trabajando ya en Agua Rica van a tener trabajo por mucho m\u00e1s tiempo, sino que realizar un panorama en relaci\u00f3n a la miner\u00eda con mano de obra catamarque\u00f1a, con inversiones secundarias a la miner\u00eda en nuestra provincia, es muy auspicioso para los catamarque\u00f1os\u201d.<\/p>\n<h6>Fuente: La Gaceta<\/h6>\n","protected":false},"excerpt":{"rendered":"<p>El acuerdo con empresas privadas incluye los proyectos de Cerro Atajo y Agua Rica. \u00abVa a haber trabajo por m\u00e1s tiempo, con mano de obra catamarque\u00f1a\u00bb. Luc\u00eda Corpacci, gobernadora de Catamarca, anunci\u00f3 esta ma\u00f1ana que se lleg\u00f3 a un acuerdo para la creaci\u00f3n del Distrito Minero Catamarca. El memorando firmado entre las empresas Camyen (Catamarca<\/p>\n","protected":false},"author":2,"featured_media":16044,"comment_status":"closed","ping_status":"closed","sticky":false,"template":"","format":"standard","meta":{"footnotes":""},"categories":[2],"tags":[16],"class_list":["post-16043","post","type-post","status-publish","format-standard","has-post-thumbnail","hentry","category-informe-municipal","tag-catamarca"],"_links":{"self":[{"href":"http:\/\/argentinamunicipal.com.ar\/argentina\/wp-json\/wp\/v2\/posts\/16043","targetHints":{"allow":["GET"]}}],"collection":[{"href":"http:\/\/argentinamunicipal.com.ar\/argentina\/wp-json\/wp\/v2\/posts"}],"about":[{"href":"http:\/\/argentinamunicipal.com.ar\/argentina\/wp-json\/wp\/v2\/types\/post"}],"author":[{"embeddable":true,"href":"http:\/\/argentinamunicipal.com.ar\/argentina\/wp-json\/wp\/v2\/users\/2"}],"replies":[{"embeddable":true,"href":"http:\/\/argentinamunicipal.com.ar\/argentina\/wp-json\/wp\/v2\/comments?post=16043"}],"version-history":[{"count":0,"href":"http:\/\/argentinamunicipal.com.ar\/argentina\/wp-json\/wp\/v2\/posts\/16043\/revisions"}],"wp:featuredmedia":[{"embeddable":true,"href":"http:\/\/argentinamunicipal.com.ar\/argentina\/wp-json\/wp\/v2\/media\/16044"}],"wp:attachment":[{"href":"http:\/\/argentinamunicipal.com.ar\/argentina\/wp-json\/wp\/v2\/media?parent=16043"}],"wp:term":[{"taxonomy":"category","embeddable":true,"href":"http:\/\/argentinamunicipal.com.ar\/argentina\/wp-json\/wp\/v2\/categories?post=16043"},{"taxonomy":"post_tag","embeddable":true,"href":"http:\/\/argentinamunicipal.com.ar\/argentina\/wp-json\/wp\/v2\/tags?post=16043"}],"curies":[{"name":"wp","href":"https:\/\/api.w.org\/{rel}","templated":true}]}}