{"id":160587,"date":"2025-11-13T06:33:17","date_gmt":"2025-11-13T09:33:17","guid":{"rendered":"http:\/\/argentinamunicipal.com.ar\/argentina\/?p=160587"},"modified":"2025-11-13T06:33:17","modified_gmt":"2025-11-13T09:33:17","slug":"asociacion-de-recicladores-bariloche-en-emergencia-economica-bajo-el-valor-del-carton","status":"publish","type":"post","link":"http:\/\/argentinamunicipal.com.ar\/argentina\/asociacion-de-recicladores-bariloche-en-emergencia-economica-bajo-el-valor-del-carton\/","title":{"rendered":"Asociaci\u00f3n de Recicladores Bariloche en emergencia econ\u00f3mica: baj\u00f3 el valor del cart\u00f3n"},"content":{"rendered":"<p>La Asociaci\u00f3n de Recicladores de Bariloche (ARB) lleva a cabo una interesante tarea en la recuperaci\u00f3n, separaci\u00f3n y comercializaci\u00f3n de materiales reciclables. Este mi\u00e9rcoles estuvieron apostados en varios puntos de la ciudad recibiendo pl\u00e1sticos, papeles y aluminio.<\/p>\n<p>En efecto, este mi\u00e9rcoles 5 de noviembre, de 9 a 12, en el Centro C\u00edvico y en la rotonda del kil\u00f3metro 8 sobre Pioneros, los recicladores recibieron pl\u00e1sticos, papeles, alumnio, ya que, seg\u00fan cont\u00f3 Carolina Alvarez \u201clamentablemente en la Planta est\u00e1 llegando todo el material mezclado, no hay recolecci\u00f3n diferenciada de parte del municipio. Entonces nos vemos obligados a salir afuera nuevamente para recuperar el material que mas nos vale\u201d.<\/p>\n<p>Asegur\u00f3 la mujer que en estos momentos \u201cel Cart\u00f3n es el material que mas recuperamos porque perdi\u00f3 su valor en mas de la mitad\u201d e inform\u00f3 a trav\u00e9s de la radio de \u201cEl Cordillerano\u201d (93.7) que \u201ccomo el pl\u00e1stico es el material que mas rinde estamos saliendo a buscar ese material, porque nuestros sueldos cayeron.<\/p>\n<p>Asimismo revel\u00f3 que hoy \u201cno hay recolecci\u00f3n diferenciada. Los vecinos separan pero luego se mezcla todo. Hace algunos a\u00f1os se hac\u00eda una recolecci\u00f3n diferenciada, consultamos en el municipio al respecto y no hemos tenido respuesta\u201d.<\/p>\n<p>Al analizar el negocio con los desechos cont\u00f3 Alvarez que desde que se abri\u00f3 la exportaci\u00f3n a los recicladores de todo el pa\u00eds se les vino abajo el precio del cart\u00f3n. Hoy el pl\u00e1stico es lo que mas vale, no ha ca\u00eddo su valor, entonces nosotros nos vemos obligados a salir a buscarlo afuera\u201d.<\/p>\n<p>La ARB tiene varios puntos en escuelas, y en Los Coihues \u201chay personas que nos separan, pero hoy por hoy lo que mas necesitamos es el pl\u00e1stico, el papel y el aluminio. Eso no quiere decir que dejemos de reciclar lo dem\u00e1s\u201d. Los vecinos se pueden acercar a la Planta del vertedero de lunes a viernes de 7 a 17 horas y el s\u00e1bado de 7 a 13.<\/p>\n<p>Sobre la tarea diaria mencion\u00f3 que \u201cel pl\u00e1stico llega, nosotros tenemos que separarlo por color y seg\u00fan el color tiene su valor, luego se prensa y va en fardos de 100 kilos. El color son las botellas de cristal que le decimos nosotros, de gaseosas y jugos, que son transparentes\u201d. La recolecci\u00f3n propuesta para este mi\u00e9rcoles, en los puntos mencionados, ser\u00e1 una vez al mes y \u201csi nos da buenos resultados vamos a realizarlo mas veces\u201d, indic\u00f3.<\/p>\n<p>Sobre los puntos de recolecci\u00f3n dijo que \u201cen Villa Los Coihues juntan los materiales reciclables y nosotros vamos a recogerlos a fin de mes. Tambi\u00e9n en la Escuela de Perito Moreno, hay un canasto. En la Escuela San Patricio y en la Dante Alighieri\u201d.<\/p>\n<p>Consultada por los desechos sostuvo que \u201choy por hoy nuestros sistema es la separaci\u00f3n por color, si llegan los envases limpios est\u00e1 bien pero no es indispensable. No tienen que tener tierra u otras cosas que ensucian el material. Si uno toma gaseosa en sus casas y lo deja en una bolsa no pasa nada\u201d.<\/p>\n<p>Reiter\u00f3 la entrevistada que \u201csiempre ser\u00eda mejor que acerquen todo a nuestra Planta. Ser\u00eda mucho mejor que se separe en origen y entonces nosotros podemos cotejar entre una bolsa liviana y una pesada y sabemos que la liviana es reciclable. Lo ideal ser\u00eda que el vecino acerque el material a la Planta\u201d y finaliz\u00f3 Alvarez: \u201cestamos agradecidos con los vecinos que separan y acercan su material, que cuidado de este lugar tan hermoso. Que ese material no sea enterrado, es importante para todos\u201d.<\/p>\n<p><strong>Funciones y actividades de la ARB<\/strong><\/p>\n<p>1) Recuperaci\u00f3n de materiales: la ARB, autorizada por el municipio, se encarga de recuperar residuos s\u00f3lidos urbanos para su posterior venta.<\/p>\n<p>2) Procesamiento: los materiales recuperados son transportados a un galp\u00f3n para ser compactados y prensados antes de su venta a empresas.<\/p>\n<p>3) Generaci\u00f3n de ingresos: la venta de los materiales reciclables genera ingresos que se reparten equitativamente entre los miembros de la Asociaci\u00f3n.<\/p>\n<p>4) Coordinaci\u00f3n: la ARB trabaja en conjunto con otras organizaciones y el municipio para mejorar el sistema de reciclaje.<\/p>\n<h6>Fuente: Cordillerano<\/h6>\n","protected":false},"excerpt":{"rendered":"<p>La Asociaci\u00f3n de Recicladores de Bariloche (ARB) lleva a cabo una interesante tarea en la recuperaci\u00f3n, separaci\u00f3n y comercializaci\u00f3n de materiales reciclables. Este mi\u00e9rcoles estuvieron apostados en varios puntos de la ciudad recibiendo pl\u00e1sticos, papeles y aluminio.<\/p>\n","protected":false},"author":2,"featured_media":160588,"comment_status":"closed","ping_status":"closed","sticky":false,"template":"","format":"standard","meta":{"footnotes":""},"categories":[2],"tags":[11],"class_list":["post-160587","post","type-post","status-publish","format-standard","has-post-thumbnail","hentry","category-informe-municipal","tag-rio-negro"],"_links":{"self":[{"href":"http:\/\/argentinamunicipal.com.ar\/argentina\/wp-json\/wp\/v2\/posts\/160587","targetHints":{"allow":["GET"]}}],"collection":[{"href":"http:\/\/argentinamunicipal.com.ar\/argentina\/wp-json\/wp\/v2\/posts"}],"about":[{"href":"http:\/\/argentinamunicipal.com.ar\/argentina\/wp-json\/wp\/v2\/types\/post"}],"author":[{"embeddable":true,"href":"http:\/\/argentinamunicipal.com.ar\/argentina\/wp-json\/wp\/v2\/users\/2"}],"replies":[{"embeddable":true,"href":"http:\/\/argentinamunicipal.com.ar\/argentina\/wp-json\/wp\/v2\/comments?post=160587"}],"version-history":[{"count":1,"href":"http:\/\/argentinamunicipal.com.ar\/argentina\/wp-json\/wp\/v2\/posts\/160587\/revisions"}],"predecessor-version":[{"id":160589,"href":"http:\/\/argentinamunicipal.com.ar\/argentina\/wp-json\/wp\/v2\/posts\/160587\/revisions\/160589"}],"wp:featuredmedia":[{"embeddable":true,"href":"http:\/\/argentinamunicipal.com.ar\/argentina\/wp-json\/wp\/v2\/media\/160588"}],"wp:attachment":[{"href":"http:\/\/argentinamunicipal.com.ar\/argentina\/wp-json\/wp\/v2\/media?parent=160587"}],"wp:term":[{"taxonomy":"category","embeddable":true,"href":"http:\/\/argentinamunicipal.com.ar\/argentina\/wp-json\/wp\/v2\/categories?post=160587"},{"taxonomy":"post_tag","embeddable":true,"href":"http:\/\/argentinamunicipal.com.ar\/argentina\/wp-json\/wp\/v2\/tags?post=160587"}],"curies":[{"name":"wp","href":"https:\/\/api.w.org\/{rel}","templated":true}]}}