{"id":160600,"date":"2025-11-10T05:00:55","date_gmt":"2025-11-10T08:00:55","guid":{"rendered":"http:\/\/argentinamunicipal.com.ar\/argentina\/?p=160600"},"modified":"2025-11-07T05:43:29","modified_gmt":"2025-11-07T08:43:29","slug":"apostoles-47a-edicion-de-la-fiesta-nacional-e-internacional-de-la-yerba-mate","status":"publish","type":"post","link":"http:\/\/argentinamunicipal.com.ar\/argentina\/apostoles-47a-edicion-de-la-fiesta-nacional-e-internacional-de-la-yerba-mate\/","title":{"rendered":"Ap\u00f3stoles; 47\u00aa edici\u00f3n de la Fiesta Nacional e Internacional de la Yerba Mate"},"content":{"rendered":"<p>La 47\u00aa edici\u00f3n de la Fiesta Nacional e Internacional de la Yerba Mate, el festival m\u00e1s importante de la regi\u00f3n, se llevar\u00e1 a cabo del 13 al 16 de noviembre en el predio de la Expo Yerba en Ap\u00f3stoles.<\/p>\n<p>Durante cuatro d\u00edas, los visitantes podr\u00e1n disfrutar de exposiciones agroindustriales, shows de artistas nacionales, un patio gastron\u00f3mico con opciones t\u00edpicas y modernas, jornadas tecnol\u00f3gicas y la tradicional elecci\u00f3n de la Reina Nacional de la Yerba Mate.<\/p>\n<p>La fiesta no solo ser\u00e1 un espect\u00e1culo para el p\u00fablico, sino tambi\u00e9n una oportunidad para que productores y empresarios de la regi\u00f3n puedan mostrar sus productos y servicios. La venta de stands ya est\u00e1 habilitada para aquellos que deseen formar parte de este evento emblem\u00e1tico. Para ello, deber\u00e1n comunicarse al n\u00famero 3758528863.<\/p>\n<h6>Fuente: misiones.gob.ar<\/h6>\n","protected":false},"excerpt":{"rendered":"<p>La 47\u00aa edici\u00f3n de la Fiesta Nacional e Internacional de la Yerba Mate, el festival m\u00e1s importante de la regi\u00f3n, se llevar\u00e1 a cabo del 13 al 16 de noviembre en el predio de la Expo Yerba en Ap\u00f3stoles.\u00a0<\/p>\n","protected":false},"author":2,"featured_media":160601,"comment_status":"closed","ping_status":"closed","sticky":false,"template":"","format":"standard","meta":{"footnotes":""},"categories":[47],"tags":[27],"class_list":["post-160600","post","type-post","status-publish","format-standard","has-post-thumbnail","hentry","category-fiestas","tag-misiones"],"_links":{"self":[{"href":"http:\/\/argentinamunicipal.com.ar\/argentina\/wp-json\/wp\/v2\/posts\/160600","targetHints":{"allow":["GET"]}}],"collection":[{"href":"http:\/\/argentinamunicipal.com.ar\/argentina\/wp-json\/wp\/v2\/posts"}],"about":[{"href":"http:\/\/argentinamunicipal.com.ar\/argentina\/wp-json\/wp\/v2\/types\/post"}],"author":[{"embeddable":true,"href":"http:\/\/argentinamunicipal.com.ar\/argentina\/wp-json\/wp\/v2\/users\/2"}],"replies":[{"embeddable":true,"href":"http:\/\/argentinamunicipal.com.ar\/argentina\/wp-json\/wp\/v2\/comments?post=160600"}],"version-history":[{"count":1,"href":"http:\/\/argentinamunicipal.com.ar\/argentina\/wp-json\/wp\/v2\/posts\/160600\/revisions"}],"predecessor-version":[{"id":160602,"href":"http:\/\/argentinamunicipal.com.ar\/argentina\/wp-json\/wp\/v2\/posts\/160600\/revisions\/160602"}],"wp:featuredmedia":[{"embeddable":true,"href":"http:\/\/argentinamunicipal.com.ar\/argentina\/wp-json\/wp\/v2\/media\/160601"}],"wp:attachment":[{"href":"http:\/\/argentinamunicipal.com.ar\/argentina\/wp-json\/wp\/v2\/media?parent=160600"}],"wp:term":[{"taxonomy":"category","embeddable":true,"href":"http:\/\/argentinamunicipal.com.ar\/argentina\/wp-json\/wp\/v2\/categories?post=160600"},{"taxonomy":"post_tag","embeddable":true,"href":"http:\/\/argentinamunicipal.com.ar\/argentina\/wp-json\/wp\/v2\/tags?post=160600"}],"curies":[{"name":"wp","href":"https:\/\/api.w.org\/{rel}","templated":true}]}}