{"id":16079,"date":"2014-10-08T10:14:31","date_gmt":"2014-10-08T13:14:31","guid":{"rendered":"http:\/\/argentinamunicipal.com.ar\/argentina\/?p=16079"},"modified":"2015-04-28T16:04:52","modified_gmt":"2015-04-28T19:04:52","slug":"organismos-mundiales-destacaron-argentina-por-la-inversion-social","status":"publish","type":"post","link":"http:\/\/argentinamunicipal.com.ar\/argentina\/organismos-mundiales-destacaron-argentina-por-la-inversion-social\/","title":{"rendered":"Organismos mundiales destacaron a Argentina por la inversi\u00f3n social"},"content":{"rendered":"<p><a href=\"http:\/\/argentinamunicipal.com.ar\/argentina\/wp-content\/uploads\/2014\/10\/la-organizacion-internacional-del-trabajo.jpg\"><img loading=\"lazy\" decoding=\"async\" class=\"aligncenter  wp-image-16080\" src=\"http:\/\/argentinamunicipal.com.ar\/argentina\/wp-content\/uploads\/2014\/10\/la-organizacion-internacional-del-trabajo.jpg\" alt=\"la-organizacion-internacional-del-trabajo\" width=\"741\" height=\"451\" srcset=\"http:\/\/argentinamunicipal.com.ar\/argentina\/wp-content\/uploads\/2014\/10\/la-organizacion-internacional-del-trabajo.jpg 895w, http:\/\/argentinamunicipal.com.ar\/argentina\/wp-content\/uploads\/2014\/10\/la-organizacion-internacional-del-trabajo-300x182.jpg 300w\" sizes=\"auto, (max-width: 741px) 100vw, 741px\" \/><\/a><br \/>\nUn Informe elaborado por la Organizaci\u00f3n Internacional del Trabajo (OIT), el Banco Mundial y la Organizaci\u00f3n para la Cooperaci\u00f3n y el Desarrollo Econ\u00f3micos (OCDE), destac\u00f3 a la Argentina por la pol\u00edtica de crecimiento del salario m\u00ednimo, el combate contra la informalidad laboral y la expansi\u00f3n de la inversi\u00f3n social llevada adelante en la \u00faltima d\u00e9cada.<\/p>\n<p>La publicaci\u00f3n, que lleva como t\u00edtulo \u201cLos mercados de trabajo del G-20: perspectivas, desaf\u00edos y respuestas pol\u00edticas\u201d advirti\u00f3 sin embargo que en los pa\u00edses miembros del Grupo \u00abpese a la modesta recuperaci\u00f3n de la econom\u00eda en 2013 y 2014, se espera que el crecimiento econ\u00f3mico siga siendo inferior a la tendencia, con considerables riesgos de deterioro en el futuro previsible\u201d.<\/p>\n<p>Asimismo, estim\u00f3 que el \u201clento crecimiento persistente seguir\u00e1 desalentando las perspectivas de empleo\u201d.<\/p>\n<p>De todos modos, el informe destac\u00f3 que \u201cRusia, Sud\u00e1frica, Brasil, Argentina, Indonesia y Turqu\u00eda han seguido una serie de pol\u00edticas de crecimiento de los salarios, como el aumento de los m\u00ednimos y las negociaciones colectivas, con el fin de equilibrar sus fuentes de crecimiento, orientarlas hacia un consumo m\u00e1s dom\u00e9stico y hacer frente a la desigualdad y la pobreza de los trabajadores\u201d.<\/p>\n<p>Tambi\u00e9n remarc\u00f3 que \u201cpol\u00edticas innovadoras para combatir el trabajo informal han sido desarrolladas por Argentina, Brasil y Turqu\u00eda\u00bb, y asegur\u00f3 que \u00abdemostraron ser eficaces\u00bb.<\/p>\n<p>\u00abLos ejemplos de pa\u00edses que han hecho un progreso sostenido en la reducci\u00f3n de la informalidad, muestran la necesidad de adoptar pol\u00edticas coordinadas a trav\u00e9s de una serie de cuestiones. Ellos han alentado el crecimiento en el empleo en la econom\u00eda formal, junto con el marco regulatorio adecuado y reforzaron las medidas de cumplimiento para hacer frente a la evasi\u00f3n de impuestos y a los sistemas de protecci\u00f3n social\u00bb, subray\u00f3 el an\u00e1lisis.<\/p>\n<p>Asimismo puntualiz\u00f3 que estos pa\u00edses, entre los cuales est\u00e1 Argentina, \u00abtambi\u00e9n ampliaron la protecci\u00f3n social a los trabajadores informales, y desarrollaron respuestas a medida, a las necesidades sectoriales o de grupos objetivo espec\u00edficos\u00bb.<\/p>\n<p>Con todo, puso de relieve que \u00ablas experiencias de los pa\u00edses exitosos demuestran que las pol\u00edticas para fomentar la transici\u00f3n a la formalidad pueden aplicarse gradualmente y alcanzar efectos que se refuerzan mutuamente, como la reducci\u00f3n de la pobreza y la formalizaci\u00f3n\u00bb.<\/p>\n<p>\u00abLo que se necesita es un enfoque global e integrado en una serie de \u00e1mbitos pol\u00edticos, y la coherencia de las pol\u00edticas entre estas medidas\u201d, concluy\u00f3 el documento.<\/p>\n<p>Adem\u00e1s puso en valor los niveles de inclusi\u00f3n social a partir de la expansi\u00f3n de la inversi\u00f3n p\u00fablica, al remarcar que \u201cmuchas econom\u00edas emergentes comenzaron a expandir el gasto en protecci\u00f3n social\u00bb.<\/p>\n<p>En ese sentido, precis\u00f3 que \u00abla cobertura entre 1995 y 2005 gener\u00f3 expansiones notables, como las que se produjeron en Argentina, Brasil, China, Indonesia y M\u00e9xico, por ejemplo, a trav\u00e9s de las pensiones no contributivas sociales para los hogares de bajos ingresos, y programas de transferencia de efectivo\u201d.<\/p>\n<h6>Fuente: T\u00e9lam<\/h6>\n","protected":false},"excerpt":{"rendered":"<p>Un Informe elaborado por la Organizaci\u00f3n Internacional del Trabajo (OIT), el Banco Mundial y la Organizaci\u00f3n para la Cooperaci\u00f3n y el Desarrollo Econ\u00f3micos (OCDE), destac\u00f3 a la Argentina por la pol\u00edtica de crecimiento del salario m\u00ednimo, el combate contra la informalidad laboral y la expansi\u00f3n de la inversi\u00f3n social llevada adelante en la \u00faltima d\u00e9cada.<\/p>\n","protected":false},"author":2,"featured_media":16080,"comment_status":"closed","ping_status":"closed","sticky":false,"template":"","format":"standard","meta":{"footnotes":""},"categories":[8],"tags":[21],"class_list":["post-16079","post","type-post","status-publish","format-standard","has-post-thumbnail","hentry","category-informe-nacional","tag-argentina"],"_links":{"self":[{"href":"http:\/\/argentinamunicipal.com.ar\/argentina\/wp-json\/wp\/v2\/posts\/16079","targetHints":{"allow":["GET"]}}],"collection":[{"href":"http:\/\/argentinamunicipal.com.ar\/argentina\/wp-json\/wp\/v2\/posts"}],"about":[{"href":"http:\/\/argentinamunicipal.com.ar\/argentina\/wp-json\/wp\/v2\/types\/post"}],"author":[{"embeddable":true,"href":"http:\/\/argentinamunicipal.com.ar\/argentina\/wp-json\/wp\/v2\/users\/2"}],"replies":[{"embeddable":true,"href":"http:\/\/argentinamunicipal.com.ar\/argentina\/wp-json\/wp\/v2\/comments?post=16079"}],"version-history":[{"count":0,"href":"http:\/\/argentinamunicipal.com.ar\/argentina\/wp-json\/wp\/v2\/posts\/16079\/revisions"}],"wp:featuredmedia":[{"embeddable":true,"href":"http:\/\/argentinamunicipal.com.ar\/argentina\/wp-json\/wp\/v2\/media\/16080"}],"wp:attachment":[{"href":"http:\/\/argentinamunicipal.com.ar\/argentina\/wp-json\/wp\/v2\/media?parent=16079"}],"wp:term":[{"taxonomy":"category","embeddable":true,"href":"http:\/\/argentinamunicipal.com.ar\/argentina\/wp-json\/wp\/v2\/categories?post=16079"},{"taxonomy":"post_tag","embeddable":true,"href":"http:\/\/argentinamunicipal.com.ar\/argentina\/wp-json\/wp\/v2\/tags?post=16079"}],"curies":[{"name":"wp","href":"https:\/\/api.w.org\/{rel}","templated":true}]}}