{"id":16083,"date":"2014-10-09T08:45:13","date_gmt":"2014-10-09T11:45:13","guid":{"rendered":"http:\/\/argentinamunicipal.com.ar\/argentina\/?p=16083"},"modified":"2014-10-09T08:45:13","modified_gmt":"2014-10-09T11:45:13","slug":"los-vehiculos-del-mercosur-tendran-una-patente-unificada-desde-2016","status":"publish","type":"post","link":"http:\/\/argentinamunicipal.com.ar\/argentina\/los-vehiculos-del-mercosur-tendran-una-patente-unificada-desde-2016\/","title":{"rendered":"Los veh\u00edculos del Mercosur tendr\u00e1n una patente unificada desde 2016"},"content":{"rendered":"<p><a href=\"http:\/\/argentinamunicipal.com.ar\/argentina\/wp-content\/uploads\/2014\/10\/patente.jpg_88717827.jpg\"><img loading=\"lazy\" decoding=\"async\" class=\"aligncenter size-full wp-image-16084\" src=\"http:\/\/argentinamunicipal.com.ar\/argentina\/wp-content\/uploads\/2014\/10\/patente.jpg_88717827.jpg\" alt=\"patente.jpg_88717827\" width=\"621\" height=\"465\" srcset=\"http:\/\/argentinamunicipal.com.ar\/argentina\/wp-content\/uploads\/2014\/10\/patente.jpg_88717827.jpg 621w, http:\/\/argentinamunicipal.com.ar\/argentina\/wp-content\/uploads\/2014\/10\/patente.jpg_88717827-300x224.jpg 300w\" sizes=\"auto, (max-width: 621px) 100vw, 621px\" \/><\/a><\/p>\n<p>El canciller H\u00e9ctor Timerman destac\u00f3 que la medida significa \u00abun avance en la profundizaci\u00f3n de la integraci\u00f3n\u00bb.<\/p>\n<p>La patente Mercosur ser\u00e1 m\u00e1s larga que la actual: tendr\u00e1 400 mm de largo por 130 mm de altura, similar al tama\u00f1o de la patente que utilizan actualmente los veh\u00edculos de la Uni\u00f3n Europea; y tendr\u00e1 siete caracteres: cuatro letras y tres n\u00fameros.<\/p>\n<p>Ser\u00e1 de fondo blanco con caracteres en negro y, sobre una franja azul horizontal ubicada en la parte superior llevar\u00e1 estampado el emblema del Mercosur, as\u00ed como el nombre y la bandera del Estado de matriculaci\u00f3n del veh\u00edculo.<\/p>\n<p>Antes en Argentina. La nueva patente comenzar\u00eda a utilizarse en nuestro pa\u00eds el a\u00f1o que viene, ya que las combinaciones alfanum\u00e9ricas de las actuales se est\u00e1n agotando, afirm\u00f3 el secretario de Justicia, Juli\u00e1n \u00c1lvarez.<\/p>\n<p>Desde 1995 circulan en el pa\u00eds los veh\u00edculos con la patente cuyo sistema utiliza tres letras y tres d\u00edgitos.<\/p>\n<p>En los \u00faltimos 10 a\u00f1os, de acuerdo con el Grupo de Estudios de Econom\u00eda Nacional y Popular, la cantidad de autos pas\u00f3 de 5 a 12 millones de veh\u00edculos, por lo que el patentamiento alcanza \u00aba la letra &#8216;O&#8217; y hay combinaciones disponibles hasta la &#8216;Q'\u00bb, record\u00f3 \u00c1lvarez.<\/p>\n<p>La obligatoriedad de la \u00abpatente Mercosur\u00bb comenzar\u00e1 a regir en 2016 para todos los autom\u00f3viles y motocicletas 0Km de Argentina, Brasil, Paraguay, Uruguay y Venezuela, y progresivamente se podr\u00e1n repatentar los veh\u00edculos del actual parque automotriz.<\/p>\n<p>Integraci\u00f3n. \u00abEste es un acto de identidad e integraci\u00f3n\u00bb y la implementaci\u00f3n de la chapa patente \u00abfue consensuada por todos los pa\u00edses integrantes del Mercosur\u00bb, en la que viven unas 250 millones de personas, afirm\u00f3 \u00c1lvarez.<\/p>\n<p>\u00abEl fundamento primero\u00bb de la iniciativa es \u00abla integraci\u00f3n regional\u00bb, al permitir \u00abla posibilidad de que 110 millones de veh\u00edculos que circulan en la regi\u00f3n lleven en la patente el s\u00edmbolo del Mercosur\u00bb, destac\u00f3 el Ministro de Justicia y Derechos Humanos, Julio Alak.<\/p>\n<p>Combinaciones. Durante la reuni\u00f3n del Grupo de Mercado Com\u00fan, los cancilleres de los estados parte firmaron la Resoluci\u00f3n que aprob\u00f3 el dise\u00f1o de la nueva \u00abpatente Mercosur\u00bb, que posibilita unas 450 millones de combinaciones.<\/p>\n<p>Con el nuevo sistema, tambi\u00e9n se crear\u00e1 un Sistema de Interconsulta regional con el fin de facilitar el intercambio de informaci\u00f3n sobre datos del propietario, la identificaci\u00f3n de la patente, la marca, el modelo y tipo de veh\u00edculo, as\u00ed como la posibilidad de informar robo o hurto.<\/p>\n<p>\u00abEste sistema registral novedoso en el Mercosur tambi\u00e9n es importante porque se intentar\u00e1 frenar tambi\u00e9n el desarrollo del crimen organizado\u00bb, afirm\u00f3.<\/p>\n<p>El acto se realiz\u00f3 en el Palacio San Martin y tambi\u00e9n participaron el secretario de Relaciones Econ\u00f3micas Internacionales, Carlos Bianco; y el subsecretario de Gesti\u00f3n Registral del Ministerio de Justicia, Ernesto Kreplak.<\/p>\n<h6>Fuente: InfoRegi\u00f3n<\/h6>\n","protected":false},"excerpt":{"rendered":"<p>El canciller H\u00e9ctor Timerman destac\u00f3 que la medida significa \u00abun avance en la profundizaci\u00f3n de la integraci\u00f3n\u00bb. La patente Mercosur ser\u00e1 m\u00e1s larga que la actual: tendr\u00e1 400 mm de largo por 130 mm de altura, similar al tama\u00f1o de la patente que utilizan actualmente los veh\u00edculos de la Uni\u00f3n Europea; y tendr\u00e1 siete caracteres:<\/p>\n","protected":false},"author":2,"featured_media":16084,"comment_status":"closed","ping_status":"closed","sticky":false,"template":"","format":"standard","meta":{"footnotes":""},"categories":[8],"tags":[21],"class_list":["post-16083","post","type-post","status-publish","format-standard","has-post-thumbnail","hentry","category-informe-nacional","tag-argentina"],"_links":{"self":[{"href":"http:\/\/argentinamunicipal.com.ar\/argentina\/wp-json\/wp\/v2\/posts\/16083","targetHints":{"allow":["GET"]}}],"collection":[{"href":"http:\/\/argentinamunicipal.com.ar\/argentina\/wp-json\/wp\/v2\/posts"}],"about":[{"href":"http:\/\/argentinamunicipal.com.ar\/argentina\/wp-json\/wp\/v2\/types\/post"}],"author":[{"embeddable":true,"href":"http:\/\/argentinamunicipal.com.ar\/argentina\/wp-json\/wp\/v2\/users\/2"}],"replies":[{"embeddable":true,"href":"http:\/\/argentinamunicipal.com.ar\/argentina\/wp-json\/wp\/v2\/comments?post=16083"}],"version-history":[{"count":0,"href":"http:\/\/argentinamunicipal.com.ar\/argentina\/wp-json\/wp\/v2\/posts\/16083\/revisions"}],"wp:featuredmedia":[{"embeddable":true,"href":"http:\/\/argentinamunicipal.com.ar\/argentina\/wp-json\/wp\/v2\/media\/16084"}],"wp:attachment":[{"href":"http:\/\/argentinamunicipal.com.ar\/argentina\/wp-json\/wp\/v2\/media?parent=16083"}],"wp:term":[{"taxonomy":"category","embeddable":true,"href":"http:\/\/argentinamunicipal.com.ar\/argentina\/wp-json\/wp\/v2\/categories?post=16083"},{"taxonomy":"post_tag","embeddable":true,"href":"http:\/\/argentinamunicipal.com.ar\/argentina\/wp-json\/wp\/v2\/tags?post=16083"}],"curies":[{"name":"wp","href":"https:\/\/api.w.org\/{rel}","templated":true}]}}