{"id":160897,"date":"2025-11-18T05:15:18","date_gmt":"2025-11-18T08:15:18","guid":{"rendered":"http:\/\/argentinamunicipal.com.ar\/argentina\/?p=160897"},"modified":"2025-11-17T19:58:24","modified_gmt":"2025-11-17T22:58:24","slug":"crece-el-conflicto-en-fate-tras-once-meses-sin-aumento-salarial-y-suspension-de-trabajadores","status":"publish","type":"post","link":"http:\/\/argentinamunicipal.com.ar\/argentina\/crece-el-conflicto-en-fate-tras-once-meses-sin-aumento-salarial-y-suspension-de-trabajadores\/","title":{"rendered":"Crece el conflicto en Fate tras once meses sin aumento salarial y suspensi\u00f3n de trabajadores"},"content":{"rendered":"<p>SUTNA present\u00f3 una denuncia contra la empresa de neum\u00e1ticos en la Secretar\u00eda de Trabajo<\/p>\n<p>La empresa de neum\u00e1ticos Fate atraviesa un creciente conflicto con sus trabajadores por reclamos de aumento salarial tras 11 meses sin actualizaciones que derivaron en suspensiones para referentes de las protestas.<\/p>\n<p>Los empleados de la planta que la firma tiene en San Fernando expresaron su malestar durante toda la semana mediante un\u00a0escrito a las autoridades empresarias, asambleas y una denuncia ante la Secretar\u00eda de Trabajo nacional, seg\u00fan pudo saber la\u00a0Agencia Noticias Argentinas.<\/p>\n<p>En el escrito presentado por el Sindicato \u00danico de Trabajadores del Neum\u00e1tico Argentino (SUTNA) a la gerencia de relaciones laborales, expresaron que\u00a0\u201clos trabajadores de Fate, quienes hace a\u00f1os venimos brindando nuestro esfuerzo en cada jornada laboral, reclamamos a la patronal de Fate terminar con el silencio sobre la negociaci\u00f3n salarial impuesto por ella misma, el cual implica en los hechos un intento de rebaja salarial\u201d.<\/p>\n<p>La presentaci\u00f3n del documento fue acompa\u00f1ada por la realizaci\u00f3n de una asamblea y una movilizaci\u00f3n dentro de la planta, lo que no cont\u00f3 con una respuesta favorable de Fate, ya que\u00a0restringi\u00f3 el ingreso a la representaci\u00f3n gremial que encabez\u00f3 el reclamo y suspendi\u00f3 a trabajadores que participaron.<\/p>\n<p>Al respecto, desde el gremio alertaron que\u00a0\u201csi bien hasta ahora la cantidad de compa\u00f1eros suspendidos alcanza el n\u00famero de 6, seg\u00fan un comunicado emitido por la empresa,\u00a0las sanciones se extender\u00e1n a \u2018todo el personal involucrado\u2019\u201d.<\/p>\n<p>Ante este escenario, aseguraron que continuar\u00e1n con las medidas sindicales y elevaron una denuncia a la\u00a0tVjNSg\u00a0Secretar\u00eda de Trabajo de la Naci\u00f3n\u00a0con una serie de planteos que pretenden que sean cumplidos por Fate:<\/p>\n<p>Cesar en su \u201caccionar provocador y agraviante\u201d.<\/p>\n<p>Suprimir y\/o rectificar las sanciones impuestas.<\/p>\n<p>Abstenerse de descontar salarios y de insertar antecedentes en los legajos personales.<\/p>\n<p>Permitir el ingreso y la actuaci\u00f3n de los representantes gremiales.<\/p>\n<p>Reanudar inmediatamente la negociaci\u00f3n paritaria.<\/p>\n<p>En este sentido, sostuvieron que\u00a0\u201cqueda claro que la escalada de estas situaciones de tensi\u00f3n\u00a0solo tendr\u00e1n un fin con la reanudaci\u00f3n de la negociaci\u00f3n paritaria y fundamentalmente con un acuerdo salarial\u00a0que permita un alivio econ\u00f3mico a los trabajadores y sus familias\u201d.<\/p>\n<h6>Fuente: El Ciudadano<\/h6>\n","protected":false},"excerpt":{"rendered":"<p>Los empleados de la planta que la firma tiene en San Fernando expresaron su malestar durante toda la semana mediante un\u00a0escrito a las autoridades empresarias, asambleas y una denuncia ante la Secretar\u00eda de Trabajo nacional<\/p>\n","protected":false},"author":2,"featured_media":160898,"comment_status":"closed","ping_status":"closed","sticky":false,"template":"","format":"standard","meta":{"footnotes":""},"categories":[2],"tags":[12],"class_list":["post-160897","post","type-post","status-publish","format-standard","has-post-thumbnail","hentry","category-informe-municipal","tag-buenos-aires"],"_links":{"self":[{"href":"http:\/\/argentinamunicipal.com.ar\/argentina\/wp-json\/wp\/v2\/posts\/160897","targetHints":{"allow":["GET"]}}],"collection":[{"href":"http:\/\/argentinamunicipal.com.ar\/argentina\/wp-json\/wp\/v2\/posts"}],"about":[{"href":"http:\/\/argentinamunicipal.com.ar\/argentina\/wp-json\/wp\/v2\/types\/post"}],"author":[{"embeddable":true,"href":"http:\/\/argentinamunicipal.com.ar\/argentina\/wp-json\/wp\/v2\/users\/2"}],"replies":[{"embeddable":true,"href":"http:\/\/argentinamunicipal.com.ar\/argentina\/wp-json\/wp\/v2\/comments?post=160897"}],"version-history":[{"count":1,"href":"http:\/\/argentinamunicipal.com.ar\/argentina\/wp-json\/wp\/v2\/posts\/160897\/revisions"}],"predecessor-version":[{"id":160899,"href":"http:\/\/argentinamunicipal.com.ar\/argentina\/wp-json\/wp\/v2\/posts\/160897\/revisions\/160899"}],"wp:featuredmedia":[{"embeddable":true,"href":"http:\/\/argentinamunicipal.com.ar\/argentina\/wp-json\/wp\/v2\/media\/160898"}],"wp:attachment":[{"href":"http:\/\/argentinamunicipal.com.ar\/argentina\/wp-json\/wp\/v2\/media?parent=160897"}],"wp:term":[{"taxonomy":"category","embeddable":true,"href":"http:\/\/argentinamunicipal.com.ar\/argentina\/wp-json\/wp\/v2\/categories?post=160897"},{"taxonomy":"post_tag","embeddable":true,"href":"http:\/\/argentinamunicipal.com.ar\/argentina\/wp-json\/wp\/v2\/tags?post=160897"}],"curies":[{"name":"wp","href":"https:\/\/api.w.org\/{rel}","templated":true}]}}