{"id":160928,"date":"2025-11-20T05:04:46","date_gmt":"2025-11-20T08:04:46","guid":{"rendered":"http:\/\/argentinamunicipal.com.ar\/argentina\/?p=160928"},"modified":"2025-11-18T06:09:54","modified_gmt":"2025-11-18T09:09:54","slug":"crisis-sin-precedentes-mas-de-150-comercios-cerraron-sus-puertas-en-rio-gallegos-en-2025","status":"publish","type":"post","link":"http:\/\/argentinamunicipal.com.ar\/argentina\/crisis-sin-precedentes-mas-de-150-comercios-cerraron-sus-puertas-en-rio-gallegos-en-2025\/","title":{"rendered":"Crisis sin precedentes: M\u00e1s de 150 comercios cerraron sus puertas en R\u00edo Gallegos en 2025"},"content":{"rendered":"<p>La Federaci\u00f3n Econ\u00f3mica de Santa Cruz (FESC) present\u00f3 un proyecto de ley para que se declare de manera inmediata la Emergencia Comercial, Productiva y PYME en Santa Cruz. Aseguran que la situaci\u00f3n es \u201ccr\u00edtica\u201d. La iniciativa que busca poner a salvo al sector y evitar m\u00e1s cierres y despidos, fue presentada hace dos meses y a\u00fan no tuvo tratamiento en la C\u00e1mara de Diputados. En paralelo, la entidad solicit\u00f3 audiencia al Gobierno provincial en cuatro oportunidades, pero las peticiones fueron ignoradas. \u201cEl silencio es absoluto\u201d, dijo el presidente de la entidad, Guilllermo Polke. En este Informe Especial de TiempoSur, detalles y consecuencias de una crisis sin precedentes.<\/p>\n<p>El relevamiento que realiz\u00f3 la Federaci\u00f3n Econ\u00f3mica de Santa Cruz (FESC), expone las consecuencias de la crisis actual producto de la pol\u00edtica econ\u00f3mica nacional y arroja n\u00fameros estremecedores: m\u00e1s de 150 comercios cerraron sus puertas solo en la ciudad de R\u00edo Gallegos en lo que va del 2025; el 32,6% de las empresas despidieron personal y el 62,8% no pudo pagar el aguinaldo, entre tantos otros.<\/p>\n<p>El presidente de la entidad y adem\u00e1s secretario Gremial de la Confederaci\u00f3n de la C\u00e1mara Argentina de la Mediana Empresa (CAME), Guillermo Polke, en declaraciones a\u00a0TiempoSur\u00a0calific\u00f3 la situaci\u00f3n como \u201ccr\u00edtica\u201d y consider\u00f3 que se necesita \u201cgenerar frentes de di\u00e1logo y consenso\u201d.<\/p>\n<p>\u201cEl Gobierno de la provincia no est\u00e1 haciendo nada y no entendemos por qu\u00e9 no busca crear un marco de protecci\u00f3n para que las Pymes no cierren\u201d, expres\u00f3 el referente empresarial.<\/p>\n<p>En este sentido, Polke manifest\u00f3 sobre la administraci\u00f3n provincial que \u201cel silencio es absoluto, hicimos cuatro pedidos de audiencia que fueron ignorados\u201d.<\/p>\n<p>Y grafic\u00f3 sobre el padecimiento del sector por la baja del consumo que \u201chay exigencias en los pagos que no se pueden cumplir, despu\u00e9s se traducen en embargos, cierre de cuentas y no se puede pagar salarios\u201d.<\/p>\n<p>\u201cLa situaci\u00f3n es cr\u00edtica, necesitamos generar frentes de di\u00e1logo y consenso. Las Pymes en Santa Cruz son la segunda generadora de fuentes de trabajo. Estamos mal, mes a mes se va cayendo la actividad econ\u00f3mica\u201d, explic\u00f3 en di\u00e1logo con\u00a0TiempoSur\u00a0el dirigente de FESC.<\/p>\n<p>Remarc\u00f3 al respecto, que el panorama cr\u00edtico queda tambi\u00e9n en evidencia \u201ccon la recaudaci\u00f3n impositiva que tiene la provincia y eso expone que hay una importante ca\u00edda de la actividad econ\u00f3mica\u201d.<\/p>\n<p>\u201cNecesitamos alternativas para negociar con los proveedores, establecer plazos de pago, promociones, buscar alternativas para que la p\u00e9rdida disminuya\u201d, sostuvo Polke.<\/p>\n<p>En este sentido, expres\u00f3 en declaraciones a\u00a0TiempoSur\u00a0que \u201chay que parar la pelota, reestructurar, la \u00fanica forma para hacer frente a esta situaci\u00f3n es una Ley de Emergencia\u201d.<\/p>\n<p>Sobre el proyecto presentado, se\u00f1al\u00f3 que los legisladores Agostina Mora y Eloy Echaz\u00fa, expresaron su adhesi\u00f3n, mientras que Luxen \u201cprometi\u00f3 que ser\u00edamos convocados\u201d.<\/p>\n<p>Sin embargo, la convocatoria a\u00fan no se hizo efectiva, a pesar de que la iniciativa ya ingres\u00f3 al \u00e1mbito legislativo hace m\u00e1s de dos meses y ni siquiera fue tratada en Comisi\u00f3n.<\/p>\n<p>\u201cTodo el entramado productivo est\u00e1 en riesgo y no se puede ignorar la situaci\u00f3n\u201d, asegur\u00f3 Guillermo Polke a este medio.<\/p>\n<p>A modo de ejemplo, sobre uno de los aspectos que influyen en la gravedad de la situaci\u00f3n econ\u00f3mica y social, el dirigente de CAME mencion\u00f3 la partida de YPF \u201cy con ello, cuatro mil trabajadores directos y cinco mil indirectos, con lo que eso significa para el movimiento econ\u00f3mico de toda una comunidad y en el medio de eso, la paralizaci\u00f3n de la obra p\u00fablica\u201d.<\/p>\n<p>\u201cSe est\u00e1 viviendo peor que en la pandemia, porque en pandemia hab\u00eda un Estado presente\u201d, asegur\u00f3 el presidente de Federaci\u00f3n Econ\u00f3mica de Santa Cruz y expres\u00f3 su esperanza de una pronta convocatoria del Poder Ejecutivo a los representantes del sector y para el tratamiento del proyecto en la C\u00e1mara de Diputados.<\/p>\n<p><strong>Extraordinaria disminuci\u00f3n de ventas<\/strong><\/p>\n<p>Por su parte, la presidenta de la C\u00e1mara de Comercio, Industria y Afines de R\u00edo Gallegos, Cristina Aranda, reconoci\u00f3 en declaraciones a\u00a0TiempoSur\u00a0que \u201chubo muchas bajas, la crisis es profunda y debemos hacer hincapi\u00e9 en la necesidad de una Ley de Emergencia\u201d.<\/p>\n<p>\u201cEn esa postura trabajamos en forma conjunta con el Sindicato, porque se trata tambi\u00e9n de mantener las fuentes de trabajo\u201d, remarc\u00f3.<\/p>\n<p>Y en este sentido, la dirigente agreg\u00f3 que \u201cnecesitamos la ley porque es una herramienta para enfrentar la situaci\u00f3n que es \u2018ca\u00f3tica\u2019, no hay movimiento y eso afecta a las fuentes de trabajo y si no hay trabajo, no hay consumo\u201d.<\/p>\n<p>A\u00fan as\u00ed, Aranda manifest\u00f3 que \u201clos comerciantes no bajamos los brazos y hacemos todo para incrementar las ventas, aunque la rentabilidad no es la misma, se buscan opciones para generar m\u00e1s consumo\u201d y adelant\u00f3 que ya est\u00e1n preparando las promociones para las fiestas de diciembre, \u201cpero no resulta suficiente\u201d.<\/p>\n<p>\u201cLa situaci\u00f3n es cr\u00edtica, no se vislumbra una mejora sin apoyo del Estado, necesitamos pol\u00edticas p\u00fablicas claras que nos apoyen, porque somos generadores de empleo\u201d, explic\u00f3 la referente del sector\u201d a\u00a0TiempoSur\u00a0y se refiri\u00f3 a cuestiones impositivas, el valor de los servicios, como la luz y el gas.<\/p>\n<p>Y en este marco, respecto de los precios consider\u00f3 que los \u00edndices de inflaci\u00f3n que se difunden, \u201cson una mentira\u201d. \u201cHay una realidad que se pretende mostrar, pero es una mentira\u201d, afirm\u00f3 sobre los \u00edndices oficiales.<\/p>\n<p>\u201cNo recuerdo una crisis de esta magnitud, el Gobierno provincial tiene que reaccionar, escuchar y apoyar al sector privado, pero no hay di\u00e1logo, s\u00f3lo el Ministerio de la Producci\u00f3n nos recibe, pero s\u00f3lo nos escuchan, no se generan pol\u00edticas de apoyo al sector privado\u201d.<\/p>\n<p>Aranda manifest\u00f3 que \u201cel comercio sigue achicando su rentabilidad\u201d y nombr\u00f3 como los m\u00e1s afectados a los comercios que venden art\u00edculos prescindibles, como indumentaria y calzado\u201d y como otros aspectos que tambi\u00e9n afectan al sector, las compras en Punta Arenas (aunque la gente ya no viaja tanto) y las ventas on line.<\/p>\n<p>\u201cEs una gran tristeza lo que est\u00e1 pasando\u201d, concluy\u00f3 en declaraciones a\u00a0TiempoSur\u00a0la presidenta de la C\u00e1mara de Comercio, Industria y Afines de R\u00edo Gallegos,<\/p>\n<p>Por su parte, el secretario General del Sindicato de Empleados de Comercio, Claudio Silva, dijo a\u00a0TiempoSur\u00a0sobre la crisis, no tener registro de la cantidad de trabajadores del sector que fueron despedidos en el \u00faltimo a\u00f1o y reconoci\u00f3 que se perdieron muchas fuentes de trabajo y que la situaci\u00f3n es \u201ccomplicada\u201d.<\/p>\n<p>\u201cLos comerciantes est\u00e1 al l\u00edmite\u201d, asegur\u00f3 y agreg\u00f3 que \u201cmuchos aguantan porque no tienen plata n qu\u00e9 pagar las indemnizaciones\u201d.<\/p>\n<p>Sin embargo, el gremialista manifest\u00f3 que los comerciantes \u201cest\u00e1n pagando de acuerdo a la escala salarial vigente y eso es una buena noticia. El comerciante, a pesar de todo, siempre est\u00e1 a la altura de las circunstancias\u201d, subray\u00f3.<\/p>\n<p>Finalmente, Silva hizo hincapi\u00e9 en la afectaci\u00f3n de pol\u00edticas nacionales, que incrementan en demas\u00eda el valor de los servicios, perjudicando a los comerciantes y con ello, directamente a la estabilidad de los empleados.<\/p>\n<p><strong>FESC: diagn\u00f3stico de situaci\u00f3n<\/strong><\/p>\n<p>La Federaci\u00f3n Econ\u00f3mica de Santa Cruz (FESC), en representaci\u00f3n del sector privado productivo y generador de empleo de la provincia, ha presentado de manera formal ante el gobernador, el vicegobernador y la C\u00e1mara de Diputados u n extenso informe y un proyecto de ley para que se declare de manera inmediata la Emergencia Comercial, Productiva y PYME en la Provincia de Santa Cruz por el plazo de doce (12) meses.<\/p>\n<p>La solicitud, respaldada por datos estad\u00edsticos alarmantes, busca habilitar un paquete de medidas paliativas urgentes para evitar un colapso socioecon\u00f3mico generalizado, ante una crisis profunda y sist\u00e9mica que ha llevado a la quiebra t\u00e9cnica a cientos de empresas hist\u00f3ricas y al despido masivo de trabajadores.<\/p>\n<p><strong>Diagn\u00f3stico de una crisis sist\u00e9mica sin precedentes<\/strong><\/p>\n<p>El informe presentado por la FESC detalla una combinaci\u00f3n letal de factores que asfixian a las empresas formales:<\/p>\n<p>\u2022\u00a0 Colapso del Consumo: Una ca\u00edda en las ventas de entre el 35% y 57% seg\u00fan el rubro.<\/p>\n<p>\u2022\u00a0 Asfixia Fiscal y Tarifaria: Incrementos superiores al 500% en energ\u00eda el\u00e9ctrica y gas, sumado a la distorsi\u00f3n del impuesto provincial de Ingresos Brutos.<\/p>\n<p>\u2022\u00a0 Competencia Desleal: Crecimiento de un sector informal no regulado que opera sin controles tributarios, sanitarios ni laborales.<\/p>\n<p>\u2022\u00a0 Falta de Cr\u00e9dito: Tasas de inter\u00e9s inaccesibles que superan el 150% anual.<\/p>\n<p>\u2022\u00a0 Cierre de Empresas: M\u00e1s de 150 comercios han cerrado solo en la ciudad de R\u00edo Gallegos en lo que va del 2025.<\/p>\n<p>Datos clave del informe (EPAP 2025 \u2013 IPAE AGO\/25- INDEC) confirman la emergencia:<\/p>\n<p>\u2022\u00a0 El 32,6% de las empresas despidieron personal.<\/p>\n<p>\u2022\u00a0 El 62,8% no pudo pagar el aguinaldo.<\/p>\n<p>\u2022\u00a0 El 68,6% de las PYMES se endeudaron para pagar impuestos o servicios<\/p>\n<p><strong>Propuesta de medidas \u201curgentes\u201d<\/strong><\/p>\n<p>Ante este escenario cr\u00edtico, la Federaci\u00f3n solicita la r\u00e1pida sanci\u00f3n de una ley de emergencia que habilite la implementaci\u00f3n de un plan de salvataje basado en cuatro ejes centrales:<\/p>\n<p>1.\u00a0 Alivio Fiscal y Tarifario Inmediato: Suspensi\u00f3n por 12 meses del pago de Ingresos Brutos e Impuesto de Sellos para MiPymes, moratoria amplia de deudas con quita de intereses, y un subsidio provincial directo para compensar las tarifas de energ\u00eda.<\/p>\n<p>2.\u00a0 Lucha Contra la Informalidad: Control efectivo y aplicaci\u00f3n estricta de la normativa a las ventas online y\/o clandestinas.<\/p>\n<p>3.\u00a0 Protecci\u00f3n Productiva y Laboral: Creaci\u00f3n de l\u00edneas de cr\u00e9dito blandas provinciales (tasa 0%), un programa REPRO Provincial para subsidiar salarios, y la obligatoriedad de que el Estado compre al 50% a PYMES locales pagando en menos de 30 d\u00edas.<\/p>\n<p>4.\u00a0 Protecci\u00f3n Judicial Transitoria: Suspensi\u00f3n de embargos por deudas por 180 d\u00edas para dar respiro a las empresas y permitir su reestructuraci\u00f3n.<\/p>\n<p><strong>Un llamado a la acci\u00f3n concertada<\/strong><\/p>\n<p>Guillermo Polke, presidente de la entidad enfatiz\u00f3 que \u00abla crisis que describe este informe es consecuencia de un modelo econ\u00f3mico dependiente que hoy colapsa. El sector PYME y productivo es el sost\u00e9n de la comunidad y no puede ser el ajuste de la crisis\u201d.<\/p>\n<p>\u201cSin medidas concretas, urgentes y de fondo, se profundizar\u00e1 la recesi\u00f3n, se perder\u00e1n miles de puestos de trabajo formales y se acelerar\u00e1 la migraci\u00f3n de emprendedores y familias, con el consiguiente riesgo de fractura del entramado social provincial\u201d, remarca el proyecto.<\/p>\n<p>La instituci\u00f3n expres\u00f3 su confianza \u201cen la comprensi\u00f3n de los Poderes del Estado de la gravedad del momento y se pone a disposici\u00f3n para trabajar de manera conjunta en la ejecuci\u00f3n de este plan de rescate, esencial para la supervivencia\u201d.<\/p>\n<h6>Fuente: Tiempo Sur<\/h6>\n","protected":false},"excerpt":{"rendered":"<p>La Federaci\u00f3n Econ\u00f3mica de Santa Cruz (FESC) present\u00f3 un proyecto de ley para que se declare de manera inmediata la Emergencia Comercial, Productiva y PYME en Santa Cruz. Aseguran que la situaci\u00f3n es \u201ccr\u00edtica\u201d<\/p>\n","protected":false},"author":2,"featured_media":160930,"comment_status":"closed","ping_status":"closed","sticky":false,"template":"","format":"standard","meta":{"footnotes":""},"categories":[2],"tags":[29],"class_list":["post-160928","post","type-post","status-publish","format-standard","has-post-thumbnail","hentry","category-informe-municipal","tag-santa-cruz"],"_links":{"self":[{"href":"http:\/\/argentinamunicipal.com.ar\/argentina\/wp-json\/wp\/v2\/posts\/160928","targetHints":{"allow":["GET"]}}],"collection":[{"href":"http:\/\/argentinamunicipal.com.ar\/argentina\/wp-json\/wp\/v2\/posts"}],"about":[{"href":"http:\/\/argentinamunicipal.com.ar\/argentina\/wp-json\/wp\/v2\/types\/post"}],"author":[{"embeddable":true,"href":"http:\/\/argentinamunicipal.com.ar\/argentina\/wp-json\/wp\/v2\/users\/2"}],"replies":[{"embeddable":true,"href":"http:\/\/argentinamunicipal.com.ar\/argentina\/wp-json\/wp\/v2\/comments?post=160928"}],"version-history":[{"count":1,"href":"http:\/\/argentinamunicipal.com.ar\/argentina\/wp-json\/wp\/v2\/posts\/160928\/revisions"}],"predecessor-version":[{"id":160931,"href":"http:\/\/argentinamunicipal.com.ar\/argentina\/wp-json\/wp\/v2\/posts\/160928\/revisions\/160931"}],"wp:featuredmedia":[{"embeddable":true,"href":"http:\/\/argentinamunicipal.com.ar\/argentina\/wp-json\/wp\/v2\/media\/160930"}],"wp:attachment":[{"href":"http:\/\/argentinamunicipal.com.ar\/argentina\/wp-json\/wp\/v2\/media?parent=160928"}],"wp:term":[{"taxonomy":"category","embeddable":true,"href":"http:\/\/argentinamunicipal.com.ar\/argentina\/wp-json\/wp\/v2\/categories?post=160928"},{"taxonomy":"post_tag","embeddable":true,"href":"http:\/\/argentinamunicipal.com.ar\/argentina\/wp-json\/wp\/v2\/tags?post=160928"}],"curies":[{"name":"wp","href":"https:\/\/api.w.org\/{rel}","templated":true}]}}