{"id":161062,"date":"2025-11-28T05:00:53","date_gmt":"2025-11-28T08:00:53","guid":{"rendered":"http:\/\/argentinamunicipal.com.ar\/argentina\/?p=161062"},"modified":"2025-11-26T06:04:45","modified_gmt":"2025-11-26T09:04:45","slug":"godoy-cruz-mendoza-fiesta-provincial-de-la-cerveza-del-5-al-7-de-diciembre","status":"publish","type":"post","link":"http:\/\/argentinamunicipal.com.ar\/argentina\/godoy-cruz-mendoza-fiesta-provincial-de-la-cerveza-del-5-al-7-de-diciembre\/","title":{"rendered":"Godoy Cruz, Mendoza, Fiesta Provincial de la Cerveza del 5 al 7 de diciembre"},"content":{"rendered":"<p>La Fiesta Provincial de la Cerveza se realizar\u00e1 del 5 al 7 de diciembre en el Hip\u00f3dromo de Mendoza. La grilla ya est\u00e1 confirmada y arranc\u00f3 la venta de entradas<\/p>\n<p>El Volumen 18 del Festival cervecero m\u00e1s grande del oeste argentino confirm\u00f3 su grilla. Las entradas ya est\u00e1n en venta en\u00a0Passline\u00a0en diferentes combos para ir en familia o con amigos.<\/p>\n<p>Adem\u00e1s, se inform\u00f3 el ingreso de menores gratis hasta 10 a\u00f1os y las entradas para personas con discapacidad.<\/p>\n<p>En este caso,\u00a0los cupos ser\u00e1n limitados y estar\u00e1n habilitados a partir del 3 de noviembre en el Teatro Plaza.\u00a0All\u00ed, las\u00a0personas con discapacidad podr\u00e1n retirar s\u00f3lo una entrada con la documentaci\u00f3n correspondiente.\u00a0La\u00a0boleter\u00eda, ubicada en Col\u00f3n 27,\u00a0abre sus puertas\u00a0de 9 a 15, de lunes a viernes.<\/p>\n<p>Mientras que los\u00a0ni\u00f1os de hasta 10 a\u00f1os\u00a0podr\u00e1n ingresar a la Fiesta Provincial de la Cerveza\u00a0de forma gratuita acompa\u00f1ados de un adulto con entrada. Asimismo, los menores de 12 a\u00f1os deber\u00e1n ingresar con un adulto responsable.<\/p>\n<p>Grilla definida<br \/>\nEste a\u00f1o, el Hip\u00f3dromo de Mendoza volver\u00e1 a vibrar del 5 al 7 de diciembre con una gran programaci\u00f3n.<\/p>\n<p>El viernes 5 abrir\u00e1 con ritmo y baile. Entonces, Damas Gratis, \u00edcono de la cumbia villera liderado por Pablo Lescano, encabezar\u00e1 la primera jornada. Tambi\u00e9n estar\u00e1n La Banda de Carlitos (LBC) y Eugenia Quevedo, con toda la energ\u00eda del cuarteto cordob\u00e9s.<\/p>\n<p>Mientras que\u00a0el s\u00e1bado 6 ser\u00e1 territorio del rock, con Ciro y Los Persas, Piti Fern\u00e1ndez y La Franela. As\u00ed, himnos, guitarras y actitud marcar\u00e1n una noche poderosa donde convivir\u00e1n cl\u00e1sicos y nuevas fusiones.<\/p>\n<p>Finalmente,\u00a0el domingo 7 llegar\u00e1 el gran cierre. Cazzu, referente del trap y lo urbano, compartir\u00e1 escenario con los mexicanos de Molotov y La Konga. Adem\u00e1s, se sumar\u00e1 a esta gran fiesta\u00a0DJ Mami\u00a0con una\u00a0despedida explosiva y a puro baile.<\/p>\n<p>Las bandas locales, alma del festival<br \/>\nComo cada a\u00f1o, la Fiesta Provincial de la Cerveza no ser\u00eda la misma sin sus bandas locales.\u00a0Ellas aportar\u00e1n su esencia y su identidad mendocina al escenario mayor, reafirmando el esp\u00edritu participativo y cultural del evento.<\/p>\n<p>Cabe destacar que a\u00fan se encuentran habilitadas las inscripciones para el concurso de bandas locales. Por lo tanto,\u00a0quienes deseen formar parte del Volumen 18 deber\u00e1n presentar su propuesta hasta el 3 de noviembre inclusive. As\u00ed, podr\u00e1n hacerlo\u00a0mediante este formulario online.<\/p>\n<p>Es importante aclarar que quienes se inscriban\u00a0deber\u00e1n ser mendocinos y contar con canciones de autor\u00eda propia. Adem\u00e1s, no podr\u00e1n participar quienes ya lo hayan hecho en la edici\u00f3n 2024.<\/p>\n<p>Con este certamen, la Municipalidad impulsa la participaci\u00f3n de artistas mendocinos que desean mostrar su talento en uno de los escenarios m\u00e1s importantes de la provincia.<\/p>\n<h6>Fuente: godoycruz.gob.ar<\/h6>\n","protected":false},"excerpt":{"rendered":"<p>La Fiesta Provincial de la Cerveza se realizar\u00e1 del 5 al 7 de diciembre en el Hip\u00f3dromo de Mendoza. La grilla ya est\u00e1 confirmada y arranc\u00f3 la venta de entradas<\/p>\n","protected":false},"author":2,"featured_media":161063,"comment_status":"closed","ping_status":"closed","sticky":false,"template":"","format":"standard","meta":{"footnotes":""},"categories":[47],"tags":[31],"class_list":["post-161062","post","type-post","status-publish","format-standard","has-post-thumbnail","hentry","category-fiestas","tag-mendoza"],"_links":{"self":[{"href":"http:\/\/argentinamunicipal.com.ar\/argentina\/wp-json\/wp\/v2\/posts\/161062","targetHints":{"allow":["GET"]}}],"collection":[{"href":"http:\/\/argentinamunicipal.com.ar\/argentina\/wp-json\/wp\/v2\/posts"}],"about":[{"href":"http:\/\/argentinamunicipal.com.ar\/argentina\/wp-json\/wp\/v2\/types\/post"}],"author":[{"embeddable":true,"href":"http:\/\/argentinamunicipal.com.ar\/argentina\/wp-json\/wp\/v2\/users\/2"}],"replies":[{"embeddable":true,"href":"http:\/\/argentinamunicipal.com.ar\/argentina\/wp-json\/wp\/v2\/comments?post=161062"}],"version-history":[{"count":1,"href":"http:\/\/argentinamunicipal.com.ar\/argentina\/wp-json\/wp\/v2\/posts\/161062\/revisions"}],"predecessor-version":[{"id":161064,"href":"http:\/\/argentinamunicipal.com.ar\/argentina\/wp-json\/wp\/v2\/posts\/161062\/revisions\/161064"}],"wp:featuredmedia":[{"embeddable":true,"href":"http:\/\/argentinamunicipal.com.ar\/argentina\/wp-json\/wp\/v2\/media\/161063"}],"wp:attachment":[{"href":"http:\/\/argentinamunicipal.com.ar\/argentina\/wp-json\/wp\/v2\/media?parent=161062"}],"wp:term":[{"taxonomy":"category","embeddable":true,"href":"http:\/\/argentinamunicipal.com.ar\/argentina\/wp-json\/wp\/v2\/categories?post=161062"},{"taxonomy":"post_tag","embeddable":true,"href":"http:\/\/argentinamunicipal.com.ar\/argentina\/wp-json\/wp\/v2\/tags?post=161062"}],"curies":[{"name":"wp","href":"https:\/\/api.w.org\/{rel}","templated":true}]}}