{"id":161087,"date":"2025-11-27T05:50:04","date_gmt":"2025-11-27T08:50:04","guid":{"rendered":"http:\/\/argentinamunicipal.com.ar\/argentina\/?p=161087"},"modified":"2025-11-27T05:50:04","modified_gmt":"2025-11-27T08:50:04","slug":"whirlpool-cierra-su-planta-en-pilar-y-deja-a-mas-de-220-familias-sin-trabajo","status":"publish","type":"post","link":"http:\/\/argentinamunicipal.com.ar\/argentina\/whirlpool-cierra-su-planta-en-pilar-y-deja-a-mas-de-220-familias-sin-trabajo\/","title":{"rendered":"Whirlpool cierra su planta en Pilar y deja a m\u00e1s de 220 familias sin trabajo"},"content":{"rendered":"<p>Desplome de ventas y aumento de las importaciones fueron los argumentos esgrimidos por la empresa. La planta se hab\u00eda inaugurado en 2022 con planes de exportaci\u00f3n<\/p>\n<p>Ante la ola de importaciones, la empresa de electrodom\u00e9sticos Whirlpool anunci\u00f3 el cierre de su planta de lavarropas ubicada en el Parque Industrial de F\u00e1tima, en Pilar, y despidi\u00f3 a m\u00e1s de 220 trabajadores.<\/p>\n<p>Tras comunicar la decisi\u00f3n a sus empleados, la firma comenz\u00f3 la negociaci\u00f3n con la Uni\u00f3n Obrera Metal\u00fargica para definir el esquema de salida. El cierre afecta tanto a operarios como a trabajadores de \u00e1reas vinculadas al funcionamiento de la f\u00e1brica, como ingenier\u00eda y control de calidad.<\/p>\n<p>Por ahora, Whirlpool mantendr\u00e1 en el pa\u00eds su estructura comercial y de distribuci\u00f3n, donde continuar\u00e1n empleadas entre 100 y 120 personas. Seg\u00fan se\u00f1alaron, la decisi\u00f3n responde a que el modelo productivo no logr\u00f3 alcanzar los niveles de eficiencia y agilidad necesarios en un contexto de consumo debilitado y un incremento marcado de las importaciones. \u201cLa idea es iniciar una transici\u00f3n hacia una operaci\u00f3n m\u00e1s comercial que industrial\u201d, detallaron.<\/p>\n<p>En un comunicado, la firma confirm\u00f3 que esta medida implica \u201cuna reconfiguraci\u00f3n estructural\u201d de su negocio en Argentina. A partir de ahora, concentrar\u00e1 su actividad en ventas y servicios, garantizando la provisi\u00f3n de electrodom\u00e9sticos, accesorios y repuestos en todo el pa\u00eds. La compa\u00f1\u00eda tambi\u00e9n remarc\u00f3 que su continuidad en el mercado argentino \u201cno est\u00e1 en revisi\u00f3n\u201d.<\/p>\n<p>Por el momento, a\u00fan no se defini\u00f3 qu\u00e9 suceder\u00e1 con la planta de Pilar, inaugurada en octubre de 2022 para fabricar lavarropas de \u00faltima tecnolog\u00eda y orientada originalmente a exportar el 70% de la producci\u00f3n.<\/p>\n<p>La reacci\u00f3n de los trabajadores ante el cierre<br \/>\n\u201cNo nos dieron ning\u00fan previo aviso, nos acaban de desvincular a toda la empresa, incluido administraci\u00f3n y recursos humanos; cierran completamente y nos trajeron un transporte para el que se quiera ir\u201d, relat\u00f3 Ignacio Cabezas, empleado de la planta, en declaraciones a FM Plaza 92.1. Seg\u00fan explic\u00f3, los empleados permanecen reunidos \u201cen la playa\u201d y no piensan retirarse \u201chasta que les den una respuesta coherente\u201d.<\/p>\n<p>La explicaci\u00f3n que recibieron del directorio fue una ca\u00edda abrupta en las ventas y la p\u00e9rdida de competitividad frente a productos importados. Cabezas detall\u00f3 que un lavarropas Whirlpool de siete kilos se vend\u00eda entre 800.000 y 1 mill\u00f3n de pesos, mientras que \u201cuna marca china puede conseguirse a mitad de precio\u201d, lo que habr\u00eda desplazado la demanda.<\/p>\n<p>La f\u00e1brica del distrito de Pilar hab\u00eda contado con una inversi\u00f3n de U$S 52 millones y naci\u00f3 con la meta de producir 300.000 unidades anuales y exportar el 70%. Sin embargo, el modelo anti industrial del gobierno de Javier Milei interrumpi\u00f3 los planes.<\/p>\n<h6>Fuente: El Ciudadano<\/h6>\n","protected":false},"excerpt":{"rendered":"<p>Desplome de ventas y aumento de las importaciones fueron los argumentos esgrimidos por la empresa. La planta se hab\u00eda inaugurado en 2022 con planes de exportaci\u00f3n<\/p>\n","protected":false},"author":2,"featured_media":161088,"comment_status":"closed","ping_status":"closed","sticky":false,"template":"","format":"standard","meta":{"footnotes":""},"categories":[2],"tags":[12],"class_list":["post-161087","post","type-post","status-publish","format-standard","has-post-thumbnail","hentry","category-informe-municipal","tag-buenos-aires"],"_links":{"self":[{"href":"http:\/\/argentinamunicipal.com.ar\/argentina\/wp-json\/wp\/v2\/posts\/161087","targetHints":{"allow":["GET"]}}],"collection":[{"href":"http:\/\/argentinamunicipal.com.ar\/argentina\/wp-json\/wp\/v2\/posts"}],"about":[{"href":"http:\/\/argentinamunicipal.com.ar\/argentina\/wp-json\/wp\/v2\/types\/post"}],"author":[{"embeddable":true,"href":"http:\/\/argentinamunicipal.com.ar\/argentina\/wp-json\/wp\/v2\/users\/2"}],"replies":[{"embeddable":true,"href":"http:\/\/argentinamunicipal.com.ar\/argentina\/wp-json\/wp\/v2\/comments?post=161087"}],"version-history":[{"count":1,"href":"http:\/\/argentinamunicipal.com.ar\/argentina\/wp-json\/wp\/v2\/posts\/161087\/revisions"}],"predecessor-version":[{"id":161089,"href":"http:\/\/argentinamunicipal.com.ar\/argentina\/wp-json\/wp\/v2\/posts\/161087\/revisions\/161089"}],"wp:featuredmedia":[{"embeddable":true,"href":"http:\/\/argentinamunicipal.com.ar\/argentina\/wp-json\/wp\/v2\/media\/161088"}],"wp:attachment":[{"href":"http:\/\/argentinamunicipal.com.ar\/argentina\/wp-json\/wp\/v2\/media?parent=161087"}],"wp:term":[{"taxonomy":"category","embeddable":true,"href":"http:\/\/argentinamunicipal.com.ar\/argentina\/wp-json\/wp\/v2\/categories?post=161087"},{"taxonomy":"post_tag","embeddable":true,"href":"http:\/\/argentinamunicipal.com.ar\/argentina\/wp-json\/wp\/v2\/tags?post=161087"}],"curies":[{"name":"wp","href":"https:\/\/api.w.org\/{rel}","templated":true}]}}