{"id":161257,"date":"2025-12-03T05:12:50","date_gmt":"2025-12-03T08:12:50","guid":{"rendered":"http:\/\/argentinamunicipal.com.ar\/argentina\/?p=161257"},"modified":"2025-12-02T18:15:13","modified_gmt":"2025-12-02T21:15:13","slug":"asi-es-el-modelo-de-gestion-de-residuos-y-reciclaje-inclusivo-de-guaymallen-empresarios-recorrieron-el-circuito","status":"publish","type":"post","link":"http:\/\/argentinamunicipal.com.ar\/argentina\/asi-es-el-modelo-de-gestion-de-residuos-y-reciclaje-inclusivo-de-guaymallen-empresarios-recorrieron-el-circuito\/","title":{"rendered":"As\u00ed es el modelo de gesti\u00f3n de residuos y reciclaje inclusivo de Guaymall\u00e9n: empresarios recorrieron el circuito"},"content":{"rendered":"<p>La Municipalidad abri\u00f3 las puertas de su Centro Verde y del proceso de remediaci\u00f3n del ex basural para mostrar c\u00f3mo avanza su modelo de econom\u00eda circular e inclusi\u00f3n, y para fortalecer el trabajo conjunto con el sector empresarial.<\/p>\n<p>En el marco del Encuentro de la\u00a0Red de Empresas \u2013 Reciclaje Inclusivo, la\u00a0Municipalidad de Guaymall\u00e9n\u00a0llev\u00f3 adelante un recorrido institucional junto a representantes del sector privado para mostrar, en territorio, c\u00f3mo funciona su sistema de\u00a0Gesti\u00f3n Integral de Residuos S\u00f3lidos Urbanos (GIRSU)\u00a0y las acciones que impulsan la transici\u00f3n hacia un modelo ambientalmente responsable y socialmente inclusivo.<\/p>\n<p>La actividad permiti\u00f3 que empresarios, equipos t\u00e9cnicos y actores de distintas firmas conocieran de cerca tanto los avances como los desaf\u00edos del municipio en materia de sustentabilidad, a partir de un esquema que combina infraestructura moderna, inclusi\u00f3n sociolaboral y articulaci\u00f3n p\u00fablico\u2013privada.<\/p>\n<p>El intendente\u00a0Marcos Calvente\u00a0destac\u00f3 al inicio de la jornada:<\/p>\n<p>\u201cEl municipio est\u00e1 iniciando una nueva etapa de su\u00a0plan de reciclaje inclusivo, incorporando al sector privado en la valorizaci\u00f3n de los residuos y consolidando un modelo que integra al Estado, la comunidad y las empresas.\u00a0Guaymall\u00e9n\u00a0se posiciona \u2014seg\u00fan destac\u00f3 Calvente\u2014 como un socio estrat\u00e9gico para firmas con compromiso ambiental, gracias a una pol\u00edtica seria y sustentada en un Plan Local de Acci\u00f3n Clim\u00e1tica con cuatro ejes ya activos. En este marco,\u00a0el Centro Verde funciona como infraestructura clave: aloja a m\u00e1s de 150 recuperadores urbanos, muchos de ellos provenientes de basurales que fueron cerrados, y sostiene un programa que combina inclusi\u00f3n social, capacitaci\u00f3n puerta a puerta y un sistema sostenible con muy bajo rechazo y material de alto valor econ\u00f3mico.\u00a0Adem\u00e1s, tenemos recolecci\u00f3n de residuos diferenciada y la cobertura ya alcanza al 50% del departamento, un hito relevante en el municipio m\u00e1s poblado de Mendoza.\u201d<\/p>\n<p>\u201cGuaymall\u00e9n es hoy un modelo nacional en pol\u00edtica ambiental, con iniciativas \u00fanicas en el pa\u00eds, como\u00a0el parque solar que generar\u00e1 la energ\u00eda necesaria para todos los servicios municipales. La infraestructura del Centro Verde \u2014con tecnolog\u00eda de \u00faltima generaci\u00f3n\u2014 equivaldr\u00eda actualmente a una inversi\u00f3n superior a los 3.000 millones de pesos, y representa, junto al equipamiento y el personal, una apuesta sostenida a un proyecto donde la rentabilidad trasciende lo econ\u00f3mico. \u2018La pol\u00edtica ambiental requiere recursos \u2014se\u00f1alaron\u2014, pero hay voluntad pol\u00edtica y la convicci\u00f3n de que vale la pena; este es un camino sin retorno, porque integra las dimensiones ambiental y social con resultados concretos\u2019\u00bb, sum\u00f3.<\/p>\n<p><strong>Un modelo que integra ambiente, econom\u00eda circular e inclusi\u00f3n<\/strong><br \/>\nDurante el recorrido, el municipio present\u00f3 los pilares de su sistema de gesti\u00f3n, sintetizados en la hoja de ruta que gu\u00eda el proceso:<\/p>\n<p>Remediaci\u00f3n de pasivos ambientales\u00a0en el ex basural de Puente de Hierro.<\/p>\n<p>Incorporaci\u00f3n de trabajadores\u00a0que hist\u00f3ricamente desempe\u00f1aban tareas informales en ese predio.<\/p>\n<p>Aumento sostenido del volumen de materiales reciclados, a trav\u00e9s de mejoras operativas y mayor separaci\u00f3n en origen.<\/p>\n<p>Ampliaci\u00f3n de la comunidad servida, extendiendo servicios y programas a m\u00e1s barrios.<\/p>\n<p>Actualizaci\u00f3n del marco normativo, con ordenanzas y protocolos que fortalecen la pol\u00edtica ambiental municipal.<\/p>\n<p>Implementaci\u00f3n de un sistema de trazabilidad de residuos, que permitir\u00e1 seguir el recorrido de cada material recuperado.<\/p>\n<p>Desarrollo de modelos de sostenibilidad econ\u00f3mica, avanzando hacia esquemas de valor compartido con empresas y organizaciones.<\/p>\n<p>Este enfoque fue detallado mediante la presentaci\u00f3n institucional que acompa\u00f1\u00f3 el recorrido, donde se expusieron hitos clave, como la\u00a0clausura definitiva del basural a cielo abierto, la puesta en marcha del\u00a0Centro Verde, la reorganizaci\u00f3n log\u00edstica y las vinculaciones estrat\u00e9gicas con recuperadores, cooperativas y empresas.<\/p>\n<p><strong>Visita al Centro Verde y experiencias de articulaci\u00f3n<\/strong><br \/>\nEl recorrido incluy\u00f3 una visita al\u00a0Centro Verde, la planta de reciclaje del departamento, donde los participantes observaron el funcionamiento interno del sistema: clasificaci\u00f3n de materiales, operaciones log\u00edsticas, procesos de compactaci\u00f3n y mecanismos de control.<\/p>\n<p>Tambi\u00e9n se compartieron experiencias de articulaci\u00f3n ya consolidadas entre el municipio y diferentes firmas, orientadas a:<\/p>\n<p>mejorar la recuperaci\u00f3n de materiales,<\/p>\n<p>fortalecer programas de responsabilidad social y ambiental,<br \/>\ny avanzar hacia esquemas de econom\u00eda circular que generen beneficios ambientales y sociales.<\/p>\n<p><strong>Empresas y Estado: construir soluciones en conjunto<\/strong><br \/>\nDesde el municipio destacaron la importancia de generar instancias que acerquen al sector privado a la gesti\u00f3n ambiental real del territorio. \u201cEstos espacios permiten construir soluciones conjuntas, basadas en datos, planificaci\u00f3n y trabajo de campo. La transformaci\u00f3n ambiental no es solo municipal: necesita de las empresas, las instituciones y la comunidad\u201d, expresaron durante la actividad e invitaron a los participantes a sumarse a este cambio.<\/p>\n<p>La jornada cerr\u00f3 con una invitaci\u00f3n a consolidar una\u00a0red de empresas comprometidas con el reciclaje inclusivo, que contribuya a expandir el impacto del sistema y a promover un desarrollo sostenible en toda la regi\u00f3n.<\/p>\n<p>Participaron de la actividad representantes de Ecopek, CEMPRE Uruguay, Danone, Latitud R: Pepsico, Coca Cola, Nestl\u00e9; CCU (Compa\u00f1\u00eda de Cervecer\u00edas Unidas), Cencosud, Carrefour, Banco Superville, Valos, FARN (Fundaci\u00f3n Ambiente y Recursos Naturales), Cooperativa Aguaribay y Cooperativa Grilli (ambas de Guaymall\u00e9n), Cooperativa \u00c9l \u00c1lamo (CABA) y Fundaci\u00f3n Avina.<\/p>\n<p>En el marco de estas actividades se comunicaron los hitos realizados y la hoja de ruta a consolidar, adem\u00e1s se recorrieron las zonas del ex Basural a Cielo Abierto de Puente de Hierro, los barrios colindantes, los puntos verdes donde se realizan los recorridos de separaci\u00f3n de residuos reciclables en origen y la planta de reciclaje (Centro Verde).<\/p>\n<p>Este espacio fue una oportunidad para que se dieran valiosos intercambios entre recuperadores, referentes de las organizaciones antedichas, representantes de las organizaciones de la sociedad civil y el equipo municipal que lleva adelante el programa.<\/p>\n<h6>Fuente: Los Andes<\/h6>\n","protected":false},"excerpt":{"rendered":"<p>La Municipalidad abri\u00f3 las puertas de su Centro Verde y del proceso de remediaci\u00f3n del ex basural para mostrar c\u00f3mo avanza su modelo de econom\u00eda circular e inclusi\u00f3n, y para fortalecer el trabajo conjunto con el sector empresarial<\/p>\n","protected":false},"author":2,"featured_media":161258,"comment_status":"closed","ping_status":"closed","sticky":false,"template":"","format":"standard","meta":{"footnotes":""},"categories":[2],"tags":[31],"class_list":["post-161257","post","type-post","status-publish","format-standard","has-post-thumbnail","hentry","category-informe-municipal","tag-mendoza"],"_links":{"self":[{"href":"http:\/\/argentinamunicipal.com.ar\/argentina\/wp-json\/wp\/v2\/posts\/161257","targetHints":{"allow":["GET"]}}],"collection":[{"href":"http:\/\/argentinamunicipal.com.ar\/argentina\/wp-json\/wp\/v2\/posts"}],"about":[{"href":"http:\/\/argentinamunicipal.com.ar\/argentina\/wp-json\/wp\/v2\/types\/post"}],"author":[{"embeddable":true,"href":"http:\/\/argentinamunicipal.com.ar\/argentina\/wp-json\/wp\/v2\/users\/2"}],"replies":[{"embeddable":true,"href":"http:\/\/argentinamunicipal.com.ar\/argentina\/wp-json\/wp\/v2\/comments?post=161257"}],"version-history":[{"count":1,"href":"http:\/\/argentinamunicipal.com.ar\/argentina\/wp-json\/wp\/v2\/posts\/161257\/revisions"}],"predecessor-version":[{"id":161259,"href":"http:\/\/argentinamunicipal.com.ar\/argentina\/wp-json\/wp\/v2\/posts\/161257\/revisions\/161259"}],"wp:featuredmedia":[{"embeddable":true,"href":"http:\/\/argentinamunicipal.com.ar\/argentina\/wp-json\/wp\/v2\/media\/161258"}],"wp:attachment":[{"href":"http:\/\/argentinamunicipal.com.ar\/argentina\/wp-json\/wp\/v2\/media?parent=161257"}],"wp:term":[{"taxonomy":"category","embeddable":true,"href":"http:\/\/argentinamunicipal.com.ar\/argentina\/wp-json\/wp\/v2\/categories?post=161257"},{"taxonomy":"post_tag","embeddable":true,"href":"http:\/\/argentinamunicipal.com.ar\/argentina\/wp-json\/wp\/v2\/tags?post=161257"}],"curies":[{"name":"wp","href":"https:\/\/api.w.org\/{rel}","templated":true}]}}