{"id":161260,"date":"2025-12-02T18:19:14","date_gmt":"2025-12-02T21:19:14","guid":{"rendered":"http:\/\/argentinamunicipal.com.ar\/argentina\/?p=161260"},"modified":"2025-12-02T18:19:14","modified_gmt":"2025-12-02T21:19:14","slug":"trevelin-ii-fiesta-de-la-torta-negra-galesa-7-de-diciembre","status":"publish","type":"post","link":"http:\/\/argentinamunicipal.com.ar\/argentina\/trevelin-ii-fiesta-de-la-torta-negra-galesa-7-de-diciembre\/","title":{"rendered":"Trevelin; II Fiesta de la Torta Negra Galesa, 7 de diciembre"},"content":{"rendered":"<p>El evento surgi\u00f3 con el prop\u00f3sito de poner en valor una de las expresiones m\u00e1s tradicionales de la pasteler\u00eda local.<\/p>\n<p>Luego de obtener un positivo impacto con la primera edici\u00f3n, la Municipalidad de Trevelin se encuentra organizando una nueva Fiesta de la Torta Negra Galesa junto a elaboradores artesanales y familias que conservan la tradici\u00f3n de sus recetas originales.<br \/>\nLa fecha acordada ser\u00e1 el 7 de diciembre pr\u00f3ximo, en el marco del aniversario del Pueblo del Molino (5 de diciembre), y tendr\u00e1 lugar en el predio de la Asociaci\u00f3n Galesa del Valle 16 de Octubre, donde se encuentran la Capilla Bethel y la centenaria Casa Pastoral.<\/p>\n<p>Los secretarios de Producci\u00f3n, Nicol\u00e1s Ewdokimof, y de Cultura, Gustavo De Vera, se reunieron con integrantes de la Asociaci\u00f3n y elaboradoras de la tradicional Torta, para continuar definiendo detalles del evento.<\/p>\n<p>La Fiesta de la Torta Galesa surge con el prop\u00f3sito de poner en valor una de las expresiones m\u00e1s tradicionales de la pasteler\u00eda local, con un origen que se remonta exclusivamente a las colonias galesas establecidas en nuestra provincia (entonces territorio nacional) a fines del Siglo XIX.<\/p>\n<p>El evento de Trevelin apunta tambi\u00e9n a fortalecer las gestiones que desde el Estado Provincial se llevan adelante para lograr la Identificaci\u00f3n de Origen de la Torta Negra Galesa, otorgando un valor patrimonial hist\u00f3rico y cultural, adem\u00e1s del valor agregado que supone para la econom\u00eda del turismo regional.<\/p>\n<h6>Fuente: diariojornada.com.ar<\/h6>\n","protected":false},"excerpt":{"rendered":"<p>El evento surgi\u00f3 con el prop\u00f3sito de poner en valor una de las expresiones m\u00e1s tradicionales de la pasteler\u00eda local.<\/p>\n","protected":false},"author":2,"featured_media":161261,"comment_status":"closed","ping_status":"closed","sticky":false,"template":"","format":"standard","meta":{"footnotes":""},"categories":[47],"tags":[14],"class_list":["post-161260","post","type-post","status-publish","format-standard","has-post-thumbnail","hentry","category-fiestas","tag-chubut"],"_links":{"self":[{"href":"http:\/\/argentinamunicipal.com.ar\/argentina\/wp-json\/wp\/v2\/posts\/161260","targetHints":{"allow":["GET"]}}],"collection":[{"href":"http:\/\/argentinamunicipal.com.ar\/argentina\/wp-json\/wp\/v2\/posts"}],"about":[{"href":"http:\/\/argentinamunicipal.com.ar\/argentina\/wp-json\/wp\/v2\/types\/post"}],"author":[{"embeddable":true,"href":"http:\/\/argentinamunicipal.com.ar\/argentina\/wp-json\/wp\/v2\/users\/2"}],"replies":[{"embeddable":true,"href":"http:\/\/argentinamunicipal.com.ar\/argentina\/wp-json\/wp\/v2\/comments?post=161260"}],"version-history":[{"count":1,"href":"http:\/\/argentinamunicipal.com.ar\/argentina\/wp-json\/wp\/v2\/posts\/161260\/revisions"}],"predecessor-version":[{"id":161262,"href":"http:\/\/argentinamunicipal.com.ar\/argentina\/wp-json\/wp\/v2\/posts\/161260\/revisions\/161262"}],"wp:featuredmedia":[{"embeddable":true,"href":"http:\/\/argentinamunicipal.com.ar\/argentina\/wp-json\/wp\/v2\/media\/161261"}],"wp:attachment":[{"href":"http:\/\/argentinamunicipal.com.ar\/argentina\/wp-json\/wp\/v2\/media?parent=161260"}],"wp:term":[{"taxonomy":"category","embeddable":true,"href":"http:\/\/argentinamunicipal.com.ar\/argentina\/wp-json\/wp\/v2\/categories?post=161260"},{"taxonomy":"post_tag","embeddable":true,"href":"http:\/\/argentinamunicipal.com.ar\/argentina\/wp-json\/wp\/v2\/tags?post=161260"}],"curies":[{"name":"wp","href":"https:\/\/api.w.org\/{rel}","templated":true}]}}