{"id":16133,"date":"2014-10-09T09:36:36","date_gmt":"2014-10-09T12:36:36","guid":{"rendered":"http:\/\/argentinamunicipal.com.ar\/argentina\/?p=16133"},"modified":"2014-10-09T09:36:36","modified_gmt":"2014-10-09T12:36:36","slug":"el-municipio-de-realico-presente-en-mercociudades","status":"publish","type":"post","link":"http:\/\/argentinamunicipal.com.ar\/argentina\/el-municipio-de-realico-presente-en-mercociudades\/","title":{"rendered":"El municipio de Realic\u00f3, presente en Mercociudades"},"content":{"rendered":"<p><a href=\"http:\/\/argentinamunicipal.com.ar\/argentina\/wp-content\/uploads\/2014\/10\/mercociudadesrealico.jpg\"><img loading=\"lazy\" decoding=\"async\" class=\"alignleft size-full wp-image-16136\" src=\"http:\/\/argentinamunicipal.com.ar\/argentina\/wp-content\/uploads\/2014\/10\/mercociudadesrealico.jpg\" alt=\"mercociudadesrealico\" width=\"448\" height=\"252\" srcset=\"http:\/\/argentinamunicipal.com.ar\/argentina\/wp-content\/uploads\/2014\/10\/mercociudadesrealico.jpg 448w, http:\/\/argentinamunicipal.com.ar\/argentina\/wp-content\/uploads\/2014\/10\/mercociudadesrealico-300x168.jpg 300w\" sizes=\"auto, (max-width: 448px) 100vw, 448px\" \/><\/a>El secretario de Desarrollo Social de la municipalidad de Realic\u00f3, Juan Pablo Resio, represent\u00f3 a la localidad pampeana en una nueva edici\u00f3n de Mercociudades que se realiz\u00f3 el 29 y 30 de septiembre en la ciudad bonaerense de Pergamino.<\/p>\n<p>\u00abFue una gran experiencia como cada uno de estos encuentros, porque nos permite conocer la realidad de diferentes ciudades del Mercosur e intercambiar experiencias\u00bb, dijo Resio.<\/p>\n<p>\u00abEn lo personal -manifest\u00f3- ya particip\u00e9 de otras jornadas, pero creo que esta fue una de las m\u00e1s importantes ya que se trata de este flagelo que nos toca vivir como sociedad, de incorporar aprendizaje para el abordaje no solo en estos temas tan importantes sino tambi\u00e9n de lo que trae aparejado como drogas y dem\u00e1s actos delictivos\u00bb.<\/p>\n<p>Mercociudades es la principal red de gobiernos locales de pa\u00edses que integran el Mercosur y est\u00e1 formada por m\u00e1s de 283 ciudades de los pa\u00edses miembros y de los asociados del bloque.<\/p>\n<p>En esta ocasi\u00f3n se reuni\u00f3 la Unidad Tem\u00e1tica de G\u00e9nero y Municipio de la Red de Mercociudades, que se encuentra coordinada por la intendencia de Canelones (Uruguay) y subcoordinada por el Municipio de Pergamino y de Quilmes, y en esta oportunidad estuvo coordinada por la Direcci\u00f3n de Asistencia a la Mujer y la Familia y la Direcci\u00f3n de Cooperaci\u00f3n Internacional.<\/p>\n<p>Durante las dos jornadas del encuentro se analizaron y debatieron dos tem\u00e1ticas: \u00abG\u00e9nero y Discapacidad\u00bb y \u00abG\u00e9nero y Trata de Personas\u00bb.<\/p>\n<p>En el Sal\u00f3n del Honorable Concejo Deliberante de Pergamino se llev\u00f3 a cabo la apertura oficial del primer encuentro anual de la Unidad Tem\u00e1tica de G\u00e9nero y Municipio de la Red de Mercociudades: \u00abHacia una Red de Mercociudades con perspectiva de G\u00e9nero\u00bb.<\/p>\n<p>Ante los referentes de los distintos pa\u00edses lim\u00edtrofes que conforman esta red, el intendente municipal Omar Pacini; el presidente del Concejo Deliberante, Lucio Tez\u00f3n; el secretario de Promoci\u00f3n Social, Rub\u00e9n Fern\u00e1ndez y la representante de la coordinaci\u00f3n de la Unidad Tem\u00e1tica de G\u00e9nero, Araceli Delgado oriunda de Canelones (Uruguay), brindaron palabras de bienvenida a los presentes.<\/p>\n<h6>Fuente: Diario Textual<\/h6>\n","protected":false},"excerpt":{"rendered":"<p>El secretario de Desarrollo Social de la municipalidad de Realic\u00f3, Juan Pablo Resio, represent\u00f3 a la localidad pampeana en una nueva edici\u00f3n de Mercociudades que se realiz\u00f3 el 29 y 30 de septiembre en la ciudad bonaerense de Pergamino. \u00abFue una gran experiencia como cada uno de estos encuentros, porque nos permite conocer la realidad<\/p>\n","protected":false},"author":2,"featured_media":16136,"comment_status":"closed","ping_status":"closed","sticky":false,"template":"","format":"standard","meta":{"footnotes":""},"categories":[2],"tags":[42],"class_list":["post-16133","post","type-post","status-publish","format-standard","has-post-thumbnail","hentry","category-informe-municipal","tag-la-pampa"],"_links":{"self":[{"href":"http:\/\/argentinamunicipal.com.ar\/argentina\/wp-json\/wp\/v2\/posts\/16133","targetHints":{"allow":["GET"]}}],"collection":[{"href":"http:\/\/argentinamunicipal.com.ar\/argentina\/wp-json\/wp\/v2\/posts"}],"about":[{"href":"http:\/\/argentinamunicipal.com.ar\/argentina\/wp-json\/wp\/v2\/types\/post"}],"author":[{"embeddable":true,"href":"http:\/\/argentinamunicipal.com.ar\/argentina\/wp-json\/wp\/v2\/users\/2"}],"replies":[{"embeddable":true,"href":"http:\/\/argentinamunicipal.com.ar\/argentina\/wp-json\/wp\/v2\/comments?post=16133"}],"version-history":[{"count":0,"href":"http:\/\/argentinamunicipal.com.ar\/argentina\/wp-json\/wp\/v2\/posts\/16133\/revisions"}],"wp:featuredmedia":[{"embeddable":true,"href":"http:\/\/argentinamunicipal.com.ar\/argentina\/wp-json\/wp\/v2\/media\/16136"}],"wp:attachment":[{"href":"http:\/\/argentinamunicipal.com.ar\/argentina\/wp-json\/wp\/v2\/media?parent=16133"}],"wp:term":[{"taxonomy":"category","embeddable":true,"href":"http:\/\/argentinamunicipal.com.ar\/argentina\/wp-json\/wp\/v2\/categories?post=16133"},{"taxonomy":"post_tag","embeddable":true,"href":"http:\/\/argentinamunicipal.com.ar\/argentina\/wp-json\/wp\/v2\/tags?post=16133"}],"curies":[{"name":"wp","href":"https:\/\/api.w.org\/{rel}","templated":true}]}}