{"id":161334,"date":"2025-12-05T05:08:53","date_gmt":"2025-12-05T08:08:53","guid":{"rendered":"http:\/\/argentinamunicipal.com.ar\/argentina\/?p=161334"},"modified":"2025-12-03T20:09:07","modified_gmt":"2025-12-03T23:09:07","slug":"seis-de-cada-diez-mendocinos-ya-no-son-de-clase-media-los-consumos-que-resignaron","status":"publish","type":"post","link":"http:\/\/argentinamunicipal.com.ar\/argentina\/seis-de-cada-diez-mendocinos-ya-no-son-de-clase-media-los-consumos-que-resignaron\/","title":{"rendered":"Seis de cada diez mendocinos ya no son de clase media: los consumos que resignaron"},"content":{"rendered":"<p>Un estudio confirma una fuerte baja del consumo y del poder de compra de los habitantes de Mendoza.<\/p>\n<p>La tradicional imagen de\u00a0Mendoza\u00a0como una provincia de\u00a0clase media\u00a0atraviesa su mayor crisis en d\u00e9cadas.\u00a0Seg\u00fan un relevamiento de la consultora Evaluecon,\u00a0seis de cada diez mendocinos ya no pertenecen a la clase media, lo que refleja el deterioro del\u00a0poder adquisitivo\u00a0y el cambio forzado en los h\u00e1bitos de\u00a0consumo\u00a0de las familias.<\/p>\n<p>El estudio por la consultora que dirige el\u00a0economista Jos\u00e9 Vargas\u00a0se realiz\u00f3 durante octubre de este a\u00f1o con unas 800 familias de toda la provincia. En este marco, se mostr\u00f3 que,\u00a0desde fines del a\u00f1o pasado, el patr\u00f3n de consumo cambi\u00f3 dr\u00e1sticamente.\u00a0Las familias hacen malabares con el fin de estirar sus ingresos mensuales y, en muchos casos, los jefes de hogar acumulan dos y hasta tres empleos para sostener niveles b\u00e1sicos de vida.<\/p>\n<p>Para ser considerada parte de la clase media en Mendoza, Evaluecon determin\u00f3 que se necesitan\u00a0ingresos superiores a $2.000.000 mensuales\u00a0en funci\u00f3n de una Canasta B\u00e1sica Total digna. La combinaci\u00f3n de aumentos de precios \u201cdesmedidos\u201d en algunos rubros, ca\u00edda del salario real y p\u00e9rdida de poder adquisitivo empuj\u00f3 a una porci\u00f3n mayoritaria de los hogares por debajo de ese umbral.<\/p>\n<p>Se analizaron familias en\u00a0Mendoza\u00a0con trabajos formales e informales que cumplen con los requerimientos m\u00ednimos indispensables para cubrir necesidades nutricionales m\u00ednimas y necesidades habitacionales tambi\u00e9n m\u00ednimas para poder vivir dignamente.<\/p>\n<p>Del mismo modo, para establecer la categorizaci\u00f3n se hizo foco en familias del tipo Hogar Tipo 2 es decir dos adultos y dos chicos en edad escolar (promedio), dado que el an\u00e1lisis cambia si hay m\u00e1s o menos integrantes en el grupo familiar, tanto por las necesidades nutricionales como habitacionales.<\/p>\n<p><strong>Qu\u00e9 dejan de consumir los mendocinos<\/strong><br \/>\nSucede que con una inflaci\u00f3n relativamente baja, el reacomodamiento del consumo y la suba generalizada de precios en el \u00e1rea de servicios p\u00fablicos y generales como salud, educaci\u00f3n y vivienda\u00a0erosionaron\u00a0de manera constante los ingresos familiares.<\/p>\n<p>El trabajo especific\u00f3\u00a0qu\u00e9 cosas resignan\u00a0las familias mendocinas que ya no pueden mantenerse dentro de la clase media.<\/p>\n<p>Las principales\u00a0renuncias\u00a0fueron:<\/p>\n<p>Vacaciones: (26%)<br \/>\nEsparcimiento: (21%)<br \/>\nCambio colegio privado a estatal: 12%<br \/>\nMenos consumo indumentaria: 10%<br \/>\nDe 2das a 3ras y 4tas marcas en alimentos: 10%<br \/>\nMenos uso veh\u00edculo particular: 8%<br \/>\nBaja medicina prepaga: 6%<br \/>\nReducci\u00f3n seguro total a solo terceros: 5%<br \/>\nOtros: 2%<\/p>\n<p>Entre las conclusiones del informe se expres\u00f3 que las condiciones de consumo cambiaron considerablemente en los \u00faltimos 12 meses. En esta l\u00ednea, se dejaron de consumir muchas cosas para poder mantener consumo m\u00ednimo e indispensable. Se agreg\u00f3 que los cambios que se observaron impactaron sobre los ingresos familiares, lo que llev\u00f3 a perder\u00a0poder de compra\u00a0de manera constante.<\/p>\n<h6>Fuente: Los Andes<\/h6>\n","protected":false},"excerpt":{"rendered":"<p>Un estudio confirma una fuerte baja del consumo y del poder de compra de los habitantes de Mendoza.<\/p>\n","protected":false},"author":2,"featured_media":161335,"comment_status":"closed","ping_status":"closed","sticky":false,"template":"","format":"standard","meta":{"footnotes":""},"categories":[2],"tags":[31],"class_list":["post-161334","post","type-post","status-publish","format-standard","has-post-thumbnail","hentry","category-informe-municipal","tag-mendoza"],"_links":{"self":[{"href":"http:\/\/argentinamunicipal.com.ar\/argentina\/wp-json\/wp\/v2\/posts\/161334","targetHints":{"allow":["GET"]}}],"collection":[{"href":"http:\/\/argentinamunicipal.com.ar\/argentina\/wp-json\/wp\/v2\/posts"}],"about":[{"href":"http:\/\/argentinamunicipal.com.ar\/argentina\/wp-json\/wp\/v2\/types\/post"}],"author":[{"embeddable":true,"href":"http:\/\/argentinamunicipal.com.ar\/argentina\/wp-json\/wp\/v2\/users\/2"}],"replies":[{"embeddable":true,"href":"http:\/\/argentinamunicipal.com.ar\/argentina\/wp-json\/wp\/v2\/comments?post=161334"}],"version-history":[{"count":1,"href":"http:\/\/argentinamunicipal.com.ar\/argentina\/wp-json\/wp\/v2\/posts\/161334\/revisions"}],"predecessor-version":[{"id":161336,"href":"http:\/\/argentinamunicipal.com.ar\/argentina\/wp-json\/wp\/v2\/posts\/161334\/revisions\/161336"}],"wp:featuredmedia":[{"embeddable":true,"href":"http:\/\/argentinamunicipal.com.ar\/argentina\/wp-json\/wp\/v2\/media\/161335"}],"wp:attachment":[{"href":"http:\/\/argentinamunicipal.com.ar\/argentina\/wp-json\/wp\/v2\/media?parent=161334"}],"wp:term":[{"taxonomy":"category","embeddable":true,"href":"http:\/\/argentinamunicipal.com.ar\/argentina\/wp-json\/wp\/v2\/categories?post=161334"},{"taxonomy":"post_tag","embeddable":true,"href":"http:\/\/argentinamunicipal.com.ar\/argentina\/wp-json\/wp\/v2\/tags?post=161334"}],"curies":[{"name":"wp","href":"https:\/\/api.w.org\/{rel}","templated":true}]}}