{"id":161353,"date":"2025-12-09T05:00:43","date_gmt":"2025-12-09T08:00:43","guid":{"rendered":"http:\/\/argentinamunicipal.com.ar\/argentina\/?p=161353"},"modified":"2025-12-05T05:31:56","modified_gmt":"2025-12-05T08:31:56","slug":"cosechas-en-brasil-como-la-crisis-empuja-a-trabajadores-rurales-misioneros-a-una-migracion-cada-vez-mas-riesgosa","status":"publish","type":"post","link":"http:\/\/argentinamunicipal.com.ar\/argentina\/cosechas-en-brasil-como-la-crisis-empuja-a-trabajadores-rurales-misioneros-a-una-migracion-cada-vez-mas-riesgosa\/","title":{"rendered":"Cosechas en Brasil: c\u00f3mo la crisis empuja a trabajadores rurales misioneros a una migraci\u00f3n cada vez m\u00e1s riesgosa"},"content":{"rendered":"<p>La detenci\u00f3n de dos \u00f3mnibus con 125 argentinos en Guaraciaba reaviv\u00f3 el debate sobre la migraci\u00f3n rural desde Misiones hacia Brasil. Desde el Sindicato \u00danico de Obreros Rurales advierten que estos traslados \u201csiempre suceden\u201d y que responden a la falta de empleo, salarios insuficientes y desprotecci\u00f3n social en las econom\u00edas regionales.<\/p>\n<p>En la noche del lunes, un operativo de la Polic\u00eda Rodoviaria Federal de Brasil termin\u00f3 con la retenci\u00f3n de dos \u00f3mnibus de turismo que trasladaban a 125 argentinos hacia el estado de Santa Catarina sin haber pasado por el control migratorio. El procedimiento, realizado en Guaraciaba, volvi\u00f3 a poner en agenda el movimiento creciente de trabajadores misioneros que buscan empleo temporario en el sur brasile\u00f1o.<\/p>\n<p>Seg\u00fan precis\u00f3 la Polic\u00eda Federal, los veh\u00edculos hab\u00edan partido desde Dion\u00edsio Cerqueira y ten\u00edan como destino la regi\u00f3n de Ituporanga, donde los pasajeros pretend\u00edan incorporarse a cosechas de cebolla y tabaco. Todos fueron identificados, multados y notificados para abandonar el pa\u00eds, adem\u00e1s de quedar sujetos a restricciones para futuros ingresos. Los conductores, en cambio, fueron liberados tras declarar ante las autoridades.<\/p>\n<p>El caso, que ahora es investigado por posibles v\u00ednculos con redes de promoci\u00f3n de migraci\u00f3n ilegal, expone una problem\u00e1tica que se repite cada a\u00f1o: cientos de trabajadores rurales de Misiones cruzan la frontera en busca de ingresos que les permitan sostener a sus familias. Para el Sindicato \u00danico de Obreros Rurales (SUOR), se trata de una realidad profunda y sostenida.<\/p>\n<p>\u201cPara nosotros, como sindicato, esto siempre sucede. No es que van a Brasil a vivir una vida color de rosa: van porque en nuestra provincia y en nuestro pa\u00eds estamos viviendo situaciones de necesidad, de hambre\u201d, afirm\u00f3\u00a0Ana Cubilla, secretaria general de la entidad. Se\u00f1al\u00f3 que la falta de trabajo, la ca\u00edda de la intercosecha y la ausencia de asistencia social empujan a los tareferos a migrar.<\/p>\n<p>Cubilla vive en Andresito, una localidad con barrios enteros de trabajadores rurales. Explic\u00f3 que durante los \u00faltimos a\u00f1os crecieron los casos de personas que se marchan a diversas cosechas del pa\u00eds y del exterior. \u201cHemos rescatado trabajadores que fueron y los dejaron sin pagar, tirados, sin saber d\u00f3nde estaban. Esto pasa constantemente\u201d, advirti\u00f3.<\/p>\n<p>Asegur\u00f3 que el sindicato trabaja junto al Ministerio de Trabajo de Misiones para asistir a quienes quedan varados en otras provincias o en Brasil, pero que la problem\u00e1tica es estructural. \u201cEsto va a seguir sucediendo mientras no tengamos en nuestra provincia trabajo digno. El desarraigo es muy feo y la familia se rompe\u201d, expres\u00f3.<\/p>\n<p>La dirigenta detall\u00f3 que detr\u00e1s de los traslados suelen intervenir contratistas locales que organizan grupos y los llevan hacia productores brasile\u00f1os. \u201cLos empresarios se contactan con los de ac\u00e1, los de ac\u00e1 los juntan y los llevan. En general se hace por el \u2018pique\u2019, para no pasar por la aduana, porque va en negro\u201d, explic\u00f3.<\/p>\n<p>Aunque las cosechas temporarias suelen durar uno o dos meses, los trabajadores enfrentan obst\u00e1culos burocr\u00e1ticos que dificultan tramitar permisos formales. \u201cLos papeles son engorrosos. Por eso lo hacen en negro, pero pasa esto. Hay que prestarle m\u00e1s atenci\u00f3n y trabajar en conjunto con Brasil para que salgan con condiciones claras\u201d, se\u00f1al\u00f3.<\/p>\n<p>Cubilla tambi\u00e9n describi\u00f3 la situaci\u00f3n salarial en la yerba mate, uno de los factores que promueve la migraci\u00f3n. \u201cLa paritaria est\u00e1 en 72 mil pesos y es imposible de pagar. La tonelada se pag\u00f3 35 o 40 mil pesos, es la mitad de lo que deber\u00eda ser\u201d, dijo. Un tarefero puede tardar hasta dos d\u00edas y medio en juntar una tonelada, lo que reduce dr\u00e1sticamente sus ingresos reales.<\/p>\n<p>Ni siquiera los gastos b\u00e1sicos est\u00e1n contemplados. \u201cNo existe que te paguen la comida. Ahora quieren que vayas en tu moto o en tu veh\u00edculo, porque no pueden afrontar costos. Los trabajadores tienen seis meses de laburo y la intercosecha qued\u00f3 en 123 mil pesos. No alcanza para nada\u201d, afirm\u00f3.<\/p>\n<p>Consultada sobre si los productores y trabajadores comprenden que la crisis del sector yerbatero se agrav\u00f3 por la quita de funciones del INYM, Cubilla respondi\u00f3 que \u201clo entienden\u201d, pero que falta organizaci\u00f3n. \u201cNo se trabaja en consecuencia. Hace falta unidad y lucha, porque si no, el productor achica para abajo y siempre pierde el trabajador\u201d, sostuvo.<\/p>\n<p>Para la secretaria general de SUOR, el problema trasciende lo econ\u00f3mico y se vincula con una estructura sindical y social que no protege a los trabajadores rurales. \u201cLa corresponsabilidad gremial es nefasta. Recaudan sin hacer nada mientras la gente no tiene para comer. Hay que revertir muchas cosas, trabajar con las patronales y con el Estado. Mientras tanto, los trabajadores buscan d\u00f3nde sobrevivir\u201d, concluy\u00f3.<\/p>\n<h6>Fuente: Misiones Online<\/h6>\n","protected":false},"excerpt":{"rendered":"<p>Desde el Sindicato \u00danico de Obreros Rurales advierten que estos traslados \u201csiempre suceden\u201d y que responden a la falta de empleo, salarios insuficientes y desprotecci\u00f3n social en las econom\u00edas regionales.<\/p>\n","protected":false},"author":2,"featured_media":161354,"comment_status":"closed","ping_status":"closed","sticky":false,"template":"","format":"standard","meta":{"footnotes":""},"categories":[65],"tags":[27],"class_list":["post-161353","post","type-post","status-publish","format-standard","has-post-thumbnail","hentry","category-provincias","tag-misiones"],"_links":{"self":[{"href":"http:\/\/argentinamunicipal.com.ar\/argentina\/wp-json\/wp\/v2\/posts\/161353","targetHints":{"allow":["GET"]}}],"collection":[{"href":"http:\/\/argentinamunicipal.com.ar\/argentina\/wp-json\/wp\/v2\/posts"}],"about":[{"href":"http:\/\/argentinamunicipal.com.ar\/argentina\/wp-json\/wp\/v2\/types\/post"}],"author":[{"embeddable":true,"href":"http:\/\/argentinamunicipal.com.ar\/argentina\/wp-json\/wp\/v2\/users\/2"}],"replies":[{"embeddable":true,"href":"http:\/\/argentinamunicipal.com.ar\/argentina\/wp-json\/wp\/v2\/comments?post=161353"}],"version-history":[{"count":1,"href":"http:\/\/argentinamunicipal.com.ar\/argentina\/wp-json\/wp\/v2\/posts\/161353\/revisions"}],"predecessor-version":[{"id":161355,"href":"http:\/\/argentinamunicipal.com.ar\/argentina\/wp-json\/wp\/v2\/posts\/161353\/revisions\/161355"}],"wp:featuredmedia":[{"embeddable":true,"href":"http:\/\/argentinamunicipal.com.ar\/argentina\/wp-json\/wp\/v2\/media\/161354"}],"wp:attachment":[{"href":"http:\/\/argentinamunicipal.com.ar\/argentina\/wp-json\/wp\/v2\/media?parent=161353"}],"wp:term":[{"taxonomy":"category","embeddable":true,"href":"http:\/\/argentinamunicipal.com.ar\/argentina\/wp-json\/wp\/v2\/categories?post=161353"},{"taxonomy":"post_tag","embeddable":true,"href":"http:\/\/argentinamunicipal.com.ar\/argentina\/wp-json\/wp\/v2\/tags?post=161353"}],"curies":[{"name":"wp","href":"https:\/\/api.w.org\/{rel}","templated":true}]}}