{"id":161359,"date":"2025-12-04T06:09:56","date_gmt":"2025-12-04T09:09:56","guid":{"rendered":"http:\/\/argentinamunicipal.com.ar\/argentina\/?p=161359"},"modified":"2025-12-04T06:09:56","modified_gmt":"2025-12-04T09:09:56","slug":"caleta-olivia-soemco-profundiza-el-conflicto-fuerte-acatamiento-al-paro-y-convocatoria-a-una-movilizacion-frente-al-municipio","status":"publish","type":"post","link":"http:\/\/argentinamunicipal.com.ar\/argentina\/caleta-olivia-soemco-profundiza-el-conflicto-fuerte-acatamiento-al-paro-y-convocatoria-a-una-movilizacion-frente-al-municipio\/","title":{"rendered":"Caleta Olivia: SOEMCO profundiza el conflicto: fuerte acatamiento al paro y convocatoria a una movilizaci\u00f3n frente al municipio"},"content":{"rendered":"<p>En el marco del paro por 72 horas iniciado por el Sindicato de Obreros y Empleados Municipales de Caleta Olivia (SOEMCO), delegados y referentes gremiales ratificaron la continuidad de las medidas de fuerza ante lo que consideran un \u00abincumplimiento grave\u00bb del Ejecutivo municipal respecto al acta firmada el pasado 12 de agosto. El m\u00f3vil de exteriores de Radio Vanguardia, dialog\u00f3 en vivo con los delegados Dami\u00e1n Orellana, Omar Khron y Fernando Verasay, secretario gremial del sindicato, quienes brindaron un panorama detallado del conflicto y convocaron a una masiva movilizaci\u00f3n para este jueves a las 11 horas.<\/p>\n<p>Los delegados informaron que el acatamiento al paro supera el 90% en los distintos sectores. Seg\u00fan se\u00f1alaron, el reclamo central radica en el incumplimiento del acuerdo paritario homologado en agosto, que establec\u00eda un 15% de recomposici\u00f3n salarial a\u00fan no abonado a trabajadores activos y pasivos.<\/p>\n<p>\u00abAc\u00e1 el que est\u00e1 en infracci\u00f3n es el Ejecutivo municipal, no los trabajadores\u00bb, afirm\u00f3 Omar Khron, quien remarc\u00f3 que la \u00fanica manera de visibilizar el reclamo es con presencia en la calle. \u00abTenemos dos alternativas: agachar la cabeza o pelear por nuestros derechos. Cada compa\u00f1ero deber\u00e1 elegir\u00bb, sostuvo.<\/p>\n<p>Dami\u00e1n Orellana, por su parte, destac\u00f3 que la movilizaci\u00f3n ser\u00e1 clave para mostrar unidad: \u00abLa obligaci\u00f3n de los compa\u00f1eros es asistir para que el reclamo sea visible y claro\u00bb.<\/p>\n<p>Sectores paralizados y denuncias por presiones<\/p>\n<p>Verasay detall\u00f3 que en los recorridos realizados durante la ma\u00f1ana constataron la adhesi\u00f3n mayoritaria del personal, con \u00abmuy pocos trabajadores activos\u00bb, en su mayor\u00eda empleados nuevos que \u00abestar\u00edan siendo presionados o perseguidos\u00bb.<\/p>\n<p>\u00abEl paro est\u00e1 firme. Cada vez m\u00e1s compa\u00f1eros se suman porque entienden que la situaci\u00f3n es insostenible. No se puede seguir naturalizando el incumplimiento salarial\u00bb, se\u00f1al\u00f3 el secretario gremial.<\/p>\n<p>Preocupaci\u00f3n por el conflicto con la Caja y la atenci\u00f3n m\u00e9dica<\/p>\n<p>El dirigente tambi\u00e9n sum\u00f3 otro eje de preocupaci\u00f3n: el corte de prestaciones de la Caja de Servicios Sociales, que afecta directamente a los municipales.<\/p>\n<p>\u00abNo podemos seguir pagando $9.000 para que nos atienda un m\u00e9dico cuando encima estamos aportando todos los meses. Es un problema grav\u00edsimo para quienes tienen enfermedades cr\u00f3nicas\u00bb, explic\u00f3.<\/p>\n<p>Posibles endurecimientos de las medidas<\/p>\n<p>Si bien desde el sindicato evitaron anticipar nuevas medidas, reconocieron que ya est\u00e1n analizando alternativas m\u00e1s dr\u00e1sticas si no hay respuestas del Ejecutivo. Entre ellas, no descartaron la posibilidad de avanzar hacia un corte de ruta.<\/p>\n<p>\u00abSi no nos escuchan, esto va a explotar. Este gobierno se cae a pedazos\u00bb, advirti\u00f3 Verasay. Las definiciones finales se tomar\u00e1n entre viernes y lunes, junto al cuerpo de delegados.<\/p>\n<p>Convocatoria para este jueves<\/p>\n<p>El sindicato convoc\u00f3 a todos los trabajadores municipales -activos y pasivos- a concentrarse este jueves a las 11:00 frente al edificio municipal. All\u00ed entregar\u00e1n un petitorio exigiendo el cumplimiento inmediato del acta salarial.<\/p>\n<p>\u00abNos est\u00e1n perjudicando en nuestros sueldos y en nuestras familias. Si queremos revertir esto, tenemos que demostrarlo en la calle\u00bb, expresaron los dirigentes.<\/p>\n<h6>Fuente: Tiempo Sur<\/h6>\n","protected":false},"excerpt":{"rendered":"<p>En el marco del paro por 72 horas iniciado por el Sindicato de Obreros y Empleados Municipales de Caleta Olivia (SOEMCO), delegados y referentes gremiales ratificaron la continuidad de las medidas de fuerza<\/p>\n","protected":false},"author":2,"featured_media":161360,"comment_status":"closed","ping_status":"closed","sticky":false,"template":"","format":"standard","meta":{"footnotes":""},"categories":[7],"tags":[29],"class_list":["post-161359","post","type-post","status-publish","format-standard","has-post-thumbnail","hentry","category-informe-sindical","tag-santa-cruz"],"_links":{"self":[{"href":"http:\/\/argentinamunicipal.com.ar\/argentina\/wp-json\/wp\/v2\/posts\/161359","targetHints":{"allow":["GET"]}}],"collection":[{"href":"http:\/\/argentinamunicipal.com.ar\/argentina\/wp-json\/wp\/v2\/posts"}],"about":[{"href":"http:\/\/argentinamunicipal.com.ar\/argentina\/wp-json\/wp\/v2\/types\/post"}],"author":[{"embeddable":true,"href":"http:\/\/argentinamunicipal.com.ar\/argentina\/wp-json\/wp\/v2\/users\/2"}],"replies":[{"embeddable":true,"href":"http:\/\/argentinamunicipal.com.ar\/argentina\/wp-json\/wp\/v2\/comments?post=161359"}],"version-history":[{"count":1,"href":"http:\/\/argentinamunicipal.com.ar\/argentina\/wp-json\/wp\/v2\/posts\/161359\/revisions"}],"predecessor-version":[{"id":161361,"href":"http:\/\/argentinamunicipal.com.ar\/argentina\/wp-json\/wp\/v2\/posts\/161359\/revisions\/161361"}],"wp:featuredmedia":[{"embeddable":true,"href":"http:\/\/argentinamunicipal.com.ar\/argentina\/wp-json\/wp\/v2\/media\/161360"}],"wp:attachment":[{"href":"http:\/\/argentinamunicipal.com.ar\/argentina\/wp-json\/wp\/v2\/media?parent=161359"}],"wp:term":[{"taxonomy":"category","embeddable":true,"href":"http:\/\/argentinamunicipal.com.ar\/argentina\/wp-json\/wp\/v2\/categories?post=161359"},{"taxonomy":"post_tag","embeddable":true,"href":"http:\/\/argentinamunicipal.com.ar\/argentina\/wp-json\/wp\/v2\/tags?post=161359"}],"curies":[{"name":"wp","href":"https:\/\/api.w.org\/{rel}","templated":true}]}}