{"id":161362,"date":"2025-12-05T05:20:14","date_gmt":"2025-12-05T08:20:14","guid":{"rendered":"http:\/\/argentinamunicipal.com.ar\/argentina\/?p=161362"},"modified":"2025-12-04T06:16:00","modified_gmt":"2025-12-04T09:16:00","slug":"santa-cruz-la-comision-por-la-memoria-de-las-huelgas-recordara-a-los-peones-fusilados","status":"publish","type":"post","link":"http:\/\/argentinamunicipal.com.ar\/argentina\/santa-cruz-la-comision-por-la-memoria-de-las-huelgas-recordara-a-los-peones-fusilados\/","title":{"rendered":"Santa Cruz: La Comisi\u00f3n por la Memoria de las Huelgas recordar\u00e1 a los peones fusilados"},"content":{"rendered":"<p>A 104 a\u00f1os de la masacre de La Estancia Anita, suceso tr\u00e1gico durante las Huelgas Rurales que se extendieron desde 1920 a 1922, nuevamente la Comisi\u00f3n por la Memoria de las Huelgas de 1921 de Lago Argentino organiza el reencuentro entre amigos y divulgadores que a lo largo de estos a\u00f1os han sostenido la memoria de los trabajadores rurales fusilados.<\/p>\n<p>La Estancia Anita, ubicada en las orillas del Lago Argentino, en las cercan\u00edas de Calafate, fue testigo de la masacre que ocurri\u00f3 entre el 7 y el 10 de diciembre de 1921, donde, de los 600 peones concentrados en la estancia, 150 ser\u00edan fusilados y enterrados en tumbas masivas, mientras que resto sufrir\u00e1 un duro castigo sometidos a la inhumana explotaci\u00f3n laboral de los estancieros, poniendo as\u00ed un punto final a lo que hab\u00eda sido la heroica lucha de los trabajadores.<\/p>\n<p>Desde entonces, durante a\u00f1os invisibilizada, la memoria perdur\u00f3 en el trabajo de personas que intentaron rescatar las memorias de aquellos que supieron contar los hechos, entre los m\u00e1s destacados, por supuesto, la figura de Osvaldo Bayer. As\u00ed, con los a\u00f1os, y con\u00a0la conformaci\u00f3n de Comisi\u00f3n por la Memoria de las Huelgas de 1921 Lago Argentino, las historias tomaron relevancia y desde entonces es cada vez m\u00e1s la cantidad de personas que se acercan a la vida y obra de los peones v\u00edctimas de uno de los genocidios m\u00e1s importantes de la historia.<\/p>\n<p>Como no pod\u00eda ser de otra manera, al cumplirse el pr\u00f3ximo 7 de diciembre un nuevo aniversario del fusilamiento,\u00a0 Comisi\u00f3n por la Memoria de las Huelgas de 1921 Lago Argentino organiza un encuentro conmemorativo en el cenotafio de estancia Anita, el cual tendr\u00e1 lugar el lunes 8 de diciembre a las 15 horas.<\/p>\n<p>Luis Ibarra Philemon, divulgador hist\u00f3rico de El Calafate, integrante de la comisi\u00f3n, cont\u00f3 a TiempoSur que \u201cen nuestro caso hace a\u00f1os venimos rescatando la memoria. En 2006 formamos la Comisi\u00f3n por la Memoria de las Huelgas, trabajando y luchando por el rescate de la memoria, sin apoyo del Estado,\u00a0sosteniendo con el esfuerzo propio de cada uno de los compa\u00f1eros que lleva adelante la labor de que no caiga en el olvido y difundir la tr\u00e1gica historia que estuvimos ac\u00e1 en Santa Cruz\u201d.<\/p>\n<p>Respecto a los hechos que se recuerda, Ibarra Philemon, sostuvo que \u201cfue la masacre injustificada de los trabajadores que simplemente estaban realizando un reclamo salarial, mejores condiciones de vida y de trabajo en las estancias y en las grandes casas de comercio y hoteles\u201d.<\/p>\n<p>En estos a\u00f1os, en el marco del centenario de las huelgas se form\u00f3 tambi\u00e9n la Comisi\u00f3n por la Memoria de R\u00edo Gallegos, junto a la cual se realizan actividades en homenaje a Zacarias Gracian, cada 2 de enero, rescatando su sepultura de la destrucci\u00f3n en el cementerio de R\u00edo Gallegos. Por otro lado, en Comandante Luis Piedrabuena tambi\u00e9n se hab\u00eda formado una Comisi\u00f3n por la Memoria, y desde Puerto Natales (Chile) se suma a la tarea de reivindicaci\u00f3n de los peones la Agrupaci\u00f3n M\u00e1rtires del 23 de Enero.<\/p>\n<p>La convocatoria a la conmemoraci\u00f3n que se realizar\u00e1 este d\u00eda lunes 8 de diciembre, a las 15:00 horas, en el cenotafio de Estacia Anita est\u00e1 abierta a todo p\u00fablico. \u201cEs un evento sencillo, entre compa\u00f1eros, entre de los amigos que difunden esta historia. No es un gran acto, ni tampoco hay invitados especiales, porque como reitero todos los a\u00f1os nadie necesita invitaci\u00f3n para ir oss cenotafios, ni para ingresar, porque este es un lugar de todos, entonces eh cualquiera puede ir libremente, y no solamente el 8 de diciembre, sino cualquier otro d\u00eda\u201d, y se\u00f1al\u00f3: \u201cPara nosotros, en este dia, este lugar, es para reflexionar, pensar qu\u00e9 fue lo que pas\u00f3 en aquellos a\u00f1os y qu\u00e9 nos est\u00e1 pasando hasta el d\u00eda de hoy donde lamentablemente tenemos que seguir luchando por mejores condiciones tambi\u00e9n para nosotros, para nuestros amigos, compa\u00f1eros y familia\u201d.<\/p>\n<h6>Fuente: Tiempo Sur<\/h6>\n","protected":false},"excerpt":{"rendered":"<p>La Estancia Anita, ubicada en las orillas del Lago Argentino, en las cercan\u00edas de Calafate, fue testigo de la masacre que ocurri\u00f3 entre el 7 y el 10 de diciembre de 1921, donde, de los 600 peones concentrados en la estancia, 150 ser\u00edan fusilados y enterrados en tumbas masivas<\/p>\n","protected":false},"author":2,"featured_media":161363,"comment_status":"closed","ping_status":"closed","sticky":false,"template":"","format":"standard","meta":{"footnotes":""},"categories":[2],"tags":[29],"class_list":["post-161362","post","type-post","status-publish","format-standard","has-post-thumbnail","hentry","category-informe-municipal","tag-santa-cruz"],"_links":{"self":[{"href":"http:\/\/argentinamunicipal.com.ar\/argentina\/wp-json\/wp\/v2\/posts\/161362","targetHints":{"allow":["GET"]}}],"collection":[{"href":"http:\/\/argentinamunicipal.com.ar\/argentina\/wp-json\/wp\/v2\/posts"}],"about":[{"href":"http:\/\/argentinamunicipal.com.ar\/argentina\/wp-json\/wp\/v2\/types\/post"}],"author":[{"embeddable":true,"href":"http:\/\/argentinamunicipal.com.ar\/argentina\/wp-json\/wp\/v2\/users\/2"}],"replies":[{"embeddable":true,"href":"http:\/\/argentinamunicipal.com.ar\/argentina\/wp-json\/wp\/v2\/comments?post=161362"}],"version-history":[{"count":1,"href":"http:\/\/argentinamunicipal.com.ar\/argentina\/wp-json\/wp\/v2\/posts\/161362\/revisions"}],"predecessor-version":[{"id":161364,"href":"http:\/\/argentinamunicipal.com.ar\/argentina\/wp-json\/wp\/v2\/posts\/161362\/revisions\/161364"}],"wp:featuredmedia":[{"embeddable":true,"href":"http:\/\/argentinamunicipal.com.ar\/argentina\/wp-json\/wp\/v2\/media\/161363"}],"wp:attachment":[{"href":"http:\/\/argentinamunicipal.com.ar\/argentina\/wp-json\/wp\/v2\/media?parent=161362"}],"wp:term":[{"taxonomy":"category","embeddable":true,"href":"http:\/\/argentinamunicipal.com.ar\/argentina\/wp-json\/wp\/v2\/categories?post=161362"},{"taxonomy":"post_tag","embeddable":true,"href":"http:\/\/argentinamunicipal.com.ar\/argentina\/wp-json\/wp\/v2\/tags?post=161362"}],"curies":[{"name":"wp","href":"https:\/\/api.w.org\/{rel}","templated":true}]}}