{"id":16160,"date":"2014-10-12T07:35:05","date_gmt":"2014-10-12T10:35:05","guid":{"rendered":"http:\/\/argentinamunicipal.com.ar\/argentina\/?p=16160"},"modified":"2014-10-09T15:40:46","modified_gmt":"2014-10-09T18:40:46","slug":"agua-potable-cinco-millones-de-argentinos-tienen-acceso","status":"publish","type":"post","link":"http:\/\/argentinamunicipal.com.ar\/argentina\/agua-potable-cinco-millones-de-argentinos-tienen-acceso\/","title":{"rendered":"Agua potable: cinco millones de argentinos no tienen acceso"},"content":{"rendered":"<p><a href=\"http:\/\/argentinamunicipal.com.ar\/argentina\/wp-content\/uploads\/2014\/10\/1743536_495862097190491_2104504231_n.jpg\"><img loading=\"lazy\" decoding=\"async\" class=\"aligncenter size-full wp-image-16161\" src=\"http:\/\/argentinamunicipal.com.ar\/argentina\/wp-content\/uploads\/2014\/10\/1743536_495862097190491_2104504231_n.jpg\" alt=\"1743536_495862097190491_2104504231_n\" width=\"720\" height=\"479\" srcset=\"http:\/\/argentinamunicipal.com.ar\/argentina\/wp-content\/uploads\/2014\/10\/1743536_495862097190491_2104504231_n.jpg 720w, http:\/\/argentinamunicipal.com.ar\/argentina\/wp-content\/uploads\/2014\/10\/1743536_495862097190491_2104504231_n-300x199.jpg 300w\" sizes=\"auto, (max-width: 720px) 100vw, 720px\" \/><\/a><br \/>\nEstas cifras surgen del \u00faltimo censo nacional.\u00a0\u00a0M\u00e1s de un mill\u00f3n de esas personas tienen que trasladarse hasta 10 kil\u00f3metros para conseguir abastecerse de ese recurso vital.<\/p>\n<p>M\u00e1s de cinco millones de\u00a0argentinos no tienen acceso al agua potable dentro de su vivienda\u00a0y m\u00e1s de un mill\u00f3n de esas personas tienen que trasladarse hasta\u00a010 kil\u00f3metros para conseguir abastecerse de ese recurso vital.<\/p>\n<p>Estas cifras surgen del \u00faltimo censo nacional, por lo que en\u00a0busca de facilitar el acceso al agua para comunidades rurales del\u00a0Gran Chaco Americano, regi\u00f3n del centro norte de la Argentina y\u00a0parte de Bolivia y Paraguay, la Fundaci\u00f3n Plurales, junto a la\u00a0Fundaci\u00f3n Avina y otras organizaciones como Redes Chaco, impulsa\u00a0el programa SedCero.<\/p>\n<p>A trav\u00e9s de la articulaci\u00f3n multisectorial, p\u00fablico-privada y\u00a0tercer sector, se construyen puentes entre los aportes que\u00a0realizan las empresas, el estado u otras fundaciones y las \u00a0organizaciones que est\u00e1n a nivel local trabajando con los\u00a0proyectos de agua.<\/p>\n<p>En la actualidad, la Fundaci\u00f3n est\u00e1 desarrollando\u00a0aproximadamente 30 proyectos en cinco provincias de Argentina.\u00a0Cuenta con la ayuda de instituciones y empresas como la\u00a0Fundaci\u00f3n Proyungas, que gestiona informaci\u00f3n ambiental, social y\u00a0productiva, orientada a definir pautas para la conservaci\u00f3n de la\u00a0biodiversidad y el manejo responsable de los recursos naturales\u00a0del subtr\u00f3pico de Argentina, y se uni\u00f3 a esta iniciativa solidaria\u00a0aportando los mapas para poder localizar las comunidades.<\/p>\n<p>Del mismo modo, el INTA y la Universidad de C\u00f3rdoba, abrieron\u00a0las puertas de sus laboratorios para analizar las muestras de agua\u00a0obtenidas de las zonas rurales afectadas.\u00a0Son muchas las escuelas rurales en el pa\u00eds que no cuentan con\u00a0acceso a agua segura, presentando carencias en materia de\u00a0infraestructura de agua para consumo e higiene personal, cocci\u00f3n\u00a0de alimentos y para los servicios sanitarios.<\/p>\n<p>Esta situaci\u00f3n genera no s\u00f3lo que las condiciones de higiene no\u00a0sean las adecuadas, sino que incluso se deba interrumpir el\u00a0dictado de clases, siendo en muchos casos la escuela el lugar de\u00a0almuerzo de los ni\u00f1os.<\/p>\n<p>En este marco, el Programa SedCero, promueve el padrinazgo de\u00a0escuelas rurales para proyectos de acceso al agua de la mano de la\u00a0Fundaci\u00f3n Escolares y la Organizaci\u00f3n de Estados Iberoamericanos\u00a0(OEI) quienes estar\u00e1n a cargo de la convocatoria de proyectos a\u00a0las escuelas, la b\u00fasqueda de financiamiento y el apoyo institucional.<\/p>\n<p>La Fundaci\u00f3n Plurales invita a quienes quieran participar de\u00a0este proyecto sustentable a aportar su contribuci\u00f3n escribiendo a\u00a0contacto@sedcero.org o plurales@plurales.org.<\/p>\n<h6>Fuente: Uno,\u00a0Mendoza<\/h6>\n","protected":false},"excerpt":{"rendered":"<p>Estas cifras surgen del \u00faltimo censo nacional.\u00a0\u00a0M\u00e1s de un mill\u00f3n de esas personas tienen que trasladarse hasta 10 kil\u00f3metros para conseguir abastecerse de ese recurso vital. M\u00e1s de cinco millones de\u00a0argentinos no tienen acceso al agua potable dentro de su vivienda\u00a0y m\u00e1s de un mill\u00f3n de esas personas tienen que trasladarse hasta\u00a010 kil\u00f3metros para conseguir<\/p>\n","protected":false},"author":2,"featured_media":16161,"comment_status":"closed","ping_status":"closed","sticky":false,"template":"","format":"standard","meta":{"footnotes":""},"categories":[8],"tags":[21],"class_list":["post-16160","post","type-post","status-publish","format-standard","has-post-thumbnail","hentry","category-informe-nacional","tag-argentina"],"_links":{"self":[{"href":"http:\/\/argentinamunicipal.com.ar\/argentina\/wp-json\/wp\/v2\/posts\/16160","targetHints":{"allow":["GET"]}}],"collection":[{"href":"http:\/\/argentinamunicipal.com.ar\/argentina\/wp-json\/wp\/v2\/posts"}],"about":[{"href":"http:\/\/argentinamunicipal.com.ar\/argentina\/wp-json\/wp\/v2\/types\/post"}],"author":[{"embeddable":true,"href":"http:\/\/argentinamunicipal.com.ar\/argentina\/wp-json\/wp\/v2\/users\/2"}],"replies":[{"embeddable":true,"href":"http:\/\/argentinamunicipal.com.ar\/argentina\/wp-json\/wp\/v2\/comments?post=16160"}],"version-history":[{"count":0,"href":"http:\/\/argentinamunicipal.com.ar\/argentina\/wp-json\/wp\/v2\/posts\/16160\/revisions"}],"wp:featuredmedia":[{"embeddable":true,"href":"http:\/\/argentinamunicipal.com.ar\/argentina\/wp-json\/wp\/v2\/media\/16161"}],"wp:attachment":[{"href":"http:\/\/argentinamunicipal.com.ar\/argentina\/wp-json\/wp\/v2\/media?parent=16160"}],"wp:term":[{"taxonomy":"category","embeddable":true,"href":"http:\/\/argentinamunicipal.com.ar\/argentina\/wp-json\/wp\/v2\/categories?post=16160"},{"taxonomy":"post_tag","embeddable":true,"href":"http:\/\/argentinamunicipal.com.ar\/argentina\/wp-json\/wp\/v2\/tags?post=16160"}],"curies":[{"name":"wp","href":"https:\/\/api.w.org\/{rel}","templated":true}]}}