{"id":162068,"date":"2026-03-04T04:41:10","date_gmt":"2026-03-04T07:41:10","guid":{"rendered":"http:\/\/argentinamunicipal.com.ar\/argentina\/?p=162068"},"modified":"2026-03-03T19:43:52","modified_gmt":"2026-03-03T22:43:52","slug":"choele-choel-en-alerta-por-la-perdida-de-coparticipacion","status":"publish","type":"post","link":"http:\/\/argentinamunicipal.com.ar\/argentina\/choele-choel-en-alerta-por-la-perdida-de-coparticipacion\/","title":{"rendered":"Choele Choel en alerta por la p\u00e9rdida de coparticipaci\u00f3n"},"content":{"rendered":"<p>Tras la reuni\u00f3n por la nueva distribuci\u00f3n de la coparticipaci\u00f3n, la Municipalidad de Municipio de Choele Choel expres\u00f3 su posici\u00f3n, advirtiendo que defender\u00e1 los intereses de la ciudad. En alerta por la p\u00e9rdida de recursos que tendr\u00e1, de acuerdo al esquema en estudio, pidi\u00f3 un informe oficial al Ministerio de Econom\u00eda.<\/p>\n<p>Seg\u00fan el informe preliminar presentado por el gobierno provincial a los intendentes, Choele Choel registrar\u00eda una reducci\u00f3n cercana al 15%. \u00abSe trata de una variaci\u00f3n de magnitud que, de confirmarse, tendr\u00eda un impacto directo en la planificaci\u00f3n financiera y en la prestaci\u00f3n de servicios para nuestra comunidad\u00bb, indicaron desde la Municipalidad.<\/p>\n<p>\u00abEntendemos que la actualizaci\u00f3n de los criterios de distribuci\u00f3n puede responder a par\u00e1metros t\u00e9cnicos que deben ser analizados con responsabilidad. Sin embargo, una modificaci\u00f3n de esta magnitud exige contar con informaci\u00f3n clara, completa y detallada sobre los indicadores utilizados, las bases estad\u00edsticas consideradas y la metodolog\u00eda aplicada para la determinaci\u00f3n del nuevo coeficiente asignado a Choele Choel\u00bb, subrayaron.<\/p>\n<p>Por este motivo, el gobierno local solicit\u00f3 formalmente al Ministerio de Econom\u00eda el detalle t\u00e9cnico correspondiente, a fin de evaluar con rigor el impacto real que esta modificaci\u00f3n implicar\u00eda para las finanzas municipales.<\/p>\n<p>\u00abChoele Choel ha sostenido en los \u00faltimos seis a\u00f1os una administraci\u00f3n responsable y equilibrada de sus recursos. El equilibrio fiscal nos ha permitido garantizar servicios, obras y pol\u00edticas p\u00fablicas fundamentales. Una reducci\u00f3n del 15% en los recursos coparticipables obligar\u00eda necesariamente a revisar proyecciones y prioridades, por lo que resulta imprescindible analizar en profundidad el esquema propuesto\u00bb, remarcaron.<\/p>\n<p>Y agregaron: \u00abReafirmamos nuestra vocaci\u00f3n de di\u00e1logo institucional y de trabajo conjunto con el Gobierno Provincial. Participaremos de la mesa convocada con estudios t\u00e9cnicos y profesionales propios, y con la firme decisi\u00f3n de defender los recursos que objetivamente le corresponden a nuestra ciudad\u00bb.<\/p>\n<p>\u00abNuestro compromiso es con los vecinos y vecinas de Choele Choel\u00bb aseguraron, pero advirtieron que \u00abactuaremos con responsabilidad, firmeza y respeto institucional para resguardar los intereses de toda nuestra comunidad\u00bb.<\/p>\n<h6>Fuente: ADN<\/h6>\n","protected":false},"excerpt":{"rendered":"<p>Tras la reuni\u00f3n por la nueva distribuci\u00f3n de la coparticipaci\u00f3n, la Municipalidad de Municipio de Choele Choel expres\u00f3 su posici\u00f3n, advirtiendo que defender\u00e1 los intereses de la ciudad.<\/p>\n","protected":false},"author":2,"featured_media":162069,"comment_status":"closed","ping_status":"closed","sticky":false,"template":"","format":"standard","meta":{"footnotes":""},"categories":[5],"tags":[11],"class_list":["post-162068","post","type-post","status-publish","format-standard","has-post-thumbnail","hentry","category-informe-economico","tag-rio-negro"],"_links":{"self":[{"href":"http:\/\/argentinamunicipal.com.ar\/argentina\/wp-json\/wp\/v2\/posts\/162068","targetHints":{"allow":["GET"]}}],"collection":[{"href":"http:\/\/argentinamunicipal.com.ar\/argentina\/wp-json\/wp\/v2\/posts"}],"about":[{"href":"http:\/\/argentinamunicipal.com.ar\/argentina\/wp-json\/wp\/v2\/types\/post"}],"author":[{"embeddable":true,"href":"http:\/\/argentinamunicipal.com.ar\/argentina\/wp-json\/wp\/v2\/users\/2"}],"replies":[{"embeddable":true,"href":"http:\/\/argentinamunicipal.com.ar\/argentina\/wp-json\/wp\/v2\/comments?post=162068"}],"version-history":[{"count":1,"href":"http:\/\/argentinamunicipal.com.ar\/argentina\/wp-json\/wp\/v2\/posts\/162068\/revisions"}],"predecessor-version":[{"id":162070,"href":"http:\/\/argentinamunicipal.com.ar\/argentina\/wp-json\/wp\/v2\/posts\/162068\/revisions\/162070"}],"wp:featuredmedia":[{"embeddable":true,"href":"http:\/\/argentinamunicipal.com.ar\/argentina\/wp-json\/wp\/v2\/media\/162069"}],"wp:attachment":[{"href":"http:\/\/argentinamunicipal.com.ar\/argentina\/wp-json\/wp\/v2\/media?parent=162068"}],"wp:term":[{"taxonomy":"category","embeddable":true,"href":"http:\/\/argentinamunicipal.com.ar\/argentina\/wp-json\/wp\/v2\/categories?post=162068"},{"taxonomy":"post_tag","embeddable":true,"href":"http:\/\/argentinamunicipal.com.ar\/argentina\/wp-json\/wp\/v2\/tags?post=162068"}],"curies":[{"name":"wp","href":"https:\/\/api.w.org\/{rel}","templated":true}]}}