{"id":162071,"date":"2026-02-20T19:44:23","date_gmt":"2026-02-20T22:44:23","guid":{"rendered":"http:\/\/argentinamunicipal.com.ar\/argentina\/?p=162071"},"modified":"2026-03-03T19:46:08","modified_gmt":"2026-03-03T22:46:08","slug":"bariloche-la-reforma-de-la-carta-organica-suma-polemica","status":"publish","type":"post","link":"http:\/\/argentinamunicipal.com.ar\/argentina\/bariloche-la-reforma-de-la-carta-organica-suma-polemica\/","title":{"rendered":"Bariloche: la reforma de la Carta Org\u00e1nica suma pol\u00e9mica"},"content":{"rendered":"<p>Cuatro concejales de la oposici\u00f3n -Julieta Wallace, Facundo Villalba, Roxana Ferreyra y Leandro Costa Brutten- anunciaron la presentaci\u00f3n de un proyecto de ordenanza para crear un espacio institucional de debate y participaci\u00f3n con el objetivo de informar, discutir y sistematizar los alcances de una eventual reforma de la Carta Org\u00e1nica Municipal.<\/p>\n<p>Seg\u00fan explicaron, la iniciativa busca honrar el proceso hist\u00f3ricomediante el cual se sancion\u00f3 la Carta Org\u00e1nica vigente y replicar el esquema de debate amplio que se desarroll\u00f3 hace casi dos d\u00e9cadas, cuando se impuls\u00f3 la \u00faltima reforma.<\/p>\n<p>El proyecto plantea la creaci\u00f3n de una comisi\u00f3n institucional dentro del Concejo Deliberante, integrada por todos los concejales, dos representantes del Departamento Ejecutivo y los asesores letrados tanto del Ejecutivo como del propio Concejo. La comisi\u00f3n deber\u00eda reunirse al menos dos veces por mes durante un plazo de seis meses y convocar a los distintos sectores de la comunidad de San Carlos de Bariloche.<\/p>\n<p>Durante la conferencia, los concejales insistieron en que la facultad de iniciar el proceso de reforma de la Carta Org\u00e1nica corresponde al Concejo Deliberante, tal como lo establece la normativa vigente. En ese marco, advirtieron que el intendente Walter Cort\u00e9s no puede convocar de manera unilateral a elecciones ni definir por s\u00ed solo los t\u00e9rminos de una reforma, ya que hacerlo implicar\u00eda desconocer la legalidad institucional.<\/p>\n<p>\u201cLo que no vamos a permitir bajo ninguna circunstancia es que se avance de forma autoritaria. La Carta Org\u00e1nica no se reforma desde un escritorio ni a fuerza de t\u00edtulos en los diarios; se reforma con participaci\u00f3n del pueblo de San Carlos de Bariloche\u201d, afirmaron. \u201cDe esta mesa amplia de debate van a surgir ideas, art\u00edculos y propuestas que despu\u00e9s nutrir\u00e1n el trabajo de la Asamblea Constituyente. Es el mismo proceso que se dio hace 20 a\u00f1os y que funcion\u00f3\u201d, remarcaron.<\/p>\n<h6>Fuente: ADN<\/h6>\n","protected":false},"excerpt":{"rendered":"<p>Cuatro concejales de la oposici\u00f3n -Julieta Wallace, Facundo Villalba, Roxana Ferreyra y Leandro Costa Brutten- anunciaron la presentaci\u00f3n de un proyecto de ordenanza para crear un espacio institucional de debate<\/p>\n","protected":false},"author":2,"featured_media":162072,"comment_status":"closed","ping_status":"closed","sticky":false,"template":"","format":"standard","meta":{"footnotes":""},"categories":[4],"tags":[11],"class_list":["post-162071","post","type-post","status-publish","format-standard","has-post-thumbnail","hentry","category-informe-politico","tag-rio-negro"],"_links":{"self":[{"href":"http:\/\/argentinamunicipal.com.ar\/argentina\/wp-json\/wp\/v2\/posts\/162071","targetHints":{"allow":["GET"]}}],"collection":[{"href":"http:\/\/argentinamunicipal.com.ar\/argentina\/wp-json\/wp\/v2\/posts"}],"about":[{"href":"http:\/\/argentinamunicipal.com.ar\/argentina\/wp-json\/wp\/v2\/types\/post"}],"author":[{"embeddable":true,"href":"http:\/\/argentinamunicipal.com.ar\/argentina\/wp-json\/wp\/v2\/users\/2"}],"replies":[{"embeddable":true,"href":"http:\/\/argentinamunicipal.com.ar\/argentina\/wp-json\/wp\/v2\/comments?post=162071"}],"version-history":[{"count":1,"href":"http:\/\/argentinamunicipal.com.ar\/argentina\/wp-json\/wp\/v2\/posts\/162071\/revisions"}],"predecessor-version":[{"id":162073,"href":"http:\/\/argentinamunicipal.com.ar\/argentina\/wp-json\/wp\/v2\/posts\/162071\/revisions\/162073"}],"wp:featuredmedia":[{"embeddable":true,"href":"http:\/\/argentinamunicipal.com.ar\/argentina\/wp-json\/wp\/v2\/media\/162072"}],"wp:attachment":[{"href":"http:\/\/argentinamunicipal.com.ar\/argentina\/wp-json\/wp\/v2\/media?parent=162071"}],"wp:term":[{"taxonomy":"category","embeddable":true,"href":"http:\/\/argentinamunicipal.com.ar\/argentina\/wp-json\/wp\/v2\/categories?post=162071"},{"taxonomy":"post_tag","embeddable":true,"href":"http:\/\/argentinamunicipal.com.ar\/argentina\/wp-json\/wp\/v2\/tags?post=162071"}],"curies":[{"name":"wp","href":"https:\/\/api.w.org\/{rel}","templated":true}]}}