{"id":162083,"date":"2026-03-05T04:03:27","date_gmt":"2026-03-05T07:03:27","guid":{"rendered":"http:\/\/argentinamunicipal.com.ar\/argentina\/?p=162083"},"modified":"2026-03-03T20:23:37","modified_gmt":"2026-03-03T23:23:37","slug":"el-campo-y-el-golpe-del-76-realizan-un-conversatorio-en-la-quinta-de-funes","status":"publish","type":"post","link":"http:\/\/argentinamunicipal.com.ar\/argentina\/el-campo-y-el-golpe-del-76-realizan-un-conversatorio-en-la-quinta-de-funes\/","title":{"rendered":"\u00abEl campo y el golpe del 76\u00bb, realizan un conversatorio en la Quinta de Funes"},"content":{"rendered":"<p>Ser\u00e1 este viernes 6 de marzo a las 19 en el espacio de Memoria ubicado en San Jos\u00e9 y la Ruta 9<\/p>\n<p>En el marco del ciclo de actividades organizadas a 50 a\u00f1os del inicio del \u00faltimo golpe de Estado en Argentina, la Mesa Promotora Quinta de Funes organiza un conversatorio este viernes 6 de marzo a las 19. El t\u00edtulo de la charla es \u00abEl campo y el golpe del 76\u00bb y el invitado especial es Pedro Peretti, dirigente de la Federaci\u00f3n Agraria.<\/p>\n<p>El encuentro es con entrada libre y gratuita y cuenta con el apoyo de la intendencia de Funes. El lugar, ya se\u00f1alizado como sitio de Memoria, est\u00e1 ubicado en San Jos\u00e9 y Ruta 9.<\/p>\n<p><strong>Qu\u00e9 pas\u00f3 en la Quinta de Funes<\/strong><br \/>\nDesde la reanudaci\u00f3n de los procesos judiciales, la justicia federal de Rosario prob\u00f3 que entre septiembre del 77 y enero del 78, el Comando del Segundo Cuerpo del Ej\u00e9rcito mantuvo secuestradas a 17 personas en la Quinta de Funes. La casa formaba parte del mismo circuito represivo que la Escuela Magnasco (Ov. Lagos y Zeballos), La Intermedia (Timb\u00faes), La Calamita (Granadero Baigorria), la F\u00e1brica de Armas Domingo Matheu (Francia al 4800) y el Batall\u00f3n de Inteligencia 121 (Lamadrid al 400).<\/p>\n<p>Los cr\u00edmenes cometidos en la Quinta fueron juzgados en la causa Guerrieri que ya lleva cuatro elevaciones. La primera condena fue en 2010 y, de hecho, fue la primera sentencia por delitos de lesa humanidad en la ciudad.<\/p>\n<p>Santa Fe tuvo al menos 20 centros clandestinos pero la Quinta de Funes es uno de los pocos que es muy conocido a nivel nacional, porque fue el lugar donde se planific\u00f3 la Operaci\u00f3n M\u00e9xico: un operativo militar que traspas\u00f3 las fronteras y tuvo el objetivo de secuestrar a la c\u00fapula de Montoneros. Fue ordenado por los generales Leopoldo Galtieri y Luciano Jauregui, pero fracas\u00f3 y luego la quinta fue desmantelada, como hicieron tan com\u00fanmente los represores durante aquellos a\u00f1os de genocidio.<\/p>\n<p>Las v\u00edctimas secuestradas all\u00ed fueron: Jorge Novillo, Stella Hilbrand de Del Rosso, Eduardo Jos\u00e9 Toniolli (padre del diputado nacional Eduardo Toniolli), Raquel Negro, Carlos Laluf, Marta Mar\u00eda Benassi, Miguel \u00c1ngel Tossetti, Oscar Capella, Marta Mar\u00eda Forestello, Ana Mar\u00eda Gurmendi, Fernando Dante Dussex, Pedro Retamar, Mar\u00eda Reyna Lloveras y Teresa Soria de Sklater, Tulio Valenzuela, Fernando \u201cPipa\u201d Ag\u00fcero y Jaime Dri. Dri fue el \u00fanico sobreviviente, los dem\u00e1s fueron desaparecidos. Todav\u00eda se busca a uno de los dos mellizos que dio a luz, m\u00e1s tarde durante su cautiverio, Raquel Negro, en pareja con Valenzuela. Su hija Sabrina restituy\u00f3 su identidad en 2011.<\/p>\n<h6>Fuente: El Ciudadano<\/h6>\n","protected":false},"excerpt":{"rendered":"<p>Ser\u00e1 este viernes 6 de marzo a las 19 en el espacio de Memoria ubicado en San Jos\u00e9 y la Ruta 9<\/p>\n","protected":false},"author":2,"featured_media":162084,"comment_status":"closed","ping_status":"closed","sticky":false,"template":"","format":"standard","meta":{"footnotes":""},"categories":[2],"tags":[10],"class_list":["post-162083","post","type-post","status-publish","format-standard","has-post-thumbnail","hentry","category-informe-municipal","tag-santa-fe"],"_links":{"self":[{"href":"http:\/\/argentinamunicipal.com.ar\/argentina\/wp-json\/wp\/v2\/posts\/162083","targetHints":{"allow":["GET"]}}],"collection":[{"href":"http:\/\/argentinamunicipal.com.ar\/argentina\/wp-json\/wp\/v2\/posts"}],"about":[{"href":"http:\/\/argentinamunicipal.com.ar\/argentina\/wp-json\/wp\/v2\/types\/post"}],"author":[{"embeddable":true,"href":"http:\/\/argentinamunicipal.com.ar\/argentina\/wp-json\/wp\/v2\/users\/2"}],"replies":[{"embeddable":true,"href":"http:\/\/argentinamunicipal.com.ar\/argentina\/wp-json\/wp\/v2\/comments?post=162083"}],"version-history":[{"count":1,"href":"http:\/\/argentinamunicipal.com.ar\/argentina\/wp-json\/wp\/v2\/posts\/162083\/revisions"}],"predecessor-version":[{"id":162085,"href":"http:\/\/argentinamunicipal.com.ar\/argentina\/wp-json\/wp\/v2\/posts\/162083\/revisions\/162085"}],"wp:featuredmedia":[{"embeddable":true,"href":"http:\/\/argentinamunicipal.com.ar\/argentina\/wp-json\/wp\/v2\/media\/162084"}],"wp:attachment":[{"href":"http:\/\/argentinamunicipal.com.ar\/argentina\/wp-json\/wp\/v2\/media?parent=162083"}],"wp:term":[{"taxonomy":"category","embeddable":true,"href":"http:\/\/argentinamunicipal.com.ar\/argentina\/wp-json\/wp\/v2\/categories?post=162083"},{"taxonomy":"post_tag","embeddable":true,"href":"http:\/\/argentinamunicipal.com.ar\/argentina\/wp-json\/wp\/v2\/tags?post=162083"}],"curies":[{"name":"wp","href":"https:\/\/api.w.org\/{rel}","templated":true}]}}