{"id":162092,"date":"2026-03-04T05:32:32","date_gmt":"2026-03-04T08:32:32","guid":{"rendered":"http:\/\/argentinamunicipal.com.ar\/argentina\/?p=162092"},"modified":"2026-03-04T05:32:32","modified_gmt":"2026-03-04T08:32:32","slug":"colon-se-realizo-una-nueva-movilizacion-masiva-al-puente-internacional-artigas-en-rechazo-a-hif-global","status":"publish","type":"post","link":"http:\/\/argentinamunicipal.com.ar\/argentina\/colon-se-realizo-una-nueva-movilizacion-masiva-al-puente-internacional-artigas-en-rechazo-a-hif-global\/","title":{"rendered":"Col\u00f3n: Se realiz\u00f3 una nueva movilizaci\u00f3n masiva al Puente Internacional Artigas en rechazo a HIF Global"},"content":{"rendered":"<p>La comunidad de Col\u00f3n volvi\u00f3 a marchar este domingo 1\u00b0 de marzo hacia el Puente Internacional General Artigas para manifestar su rechazo a la instalaci\u00f3n de la planta de e-combustibles de la empresa HIF Global en la vecina orilla de Paysand\u00fa, Uruguay.<\/p>\n<p>Bajo la consigna \u00abNo est\u00e1 todo cocinado\u00bb, la jornada fue organizada por la asociaci\u00f3n Somos Ambiente y cont\u00f3 con la participaci\u00f3n de vecinos, el grupo Col\u00f3n en Riesgo, el intendente de Col\u00f3n, Jos\u00e9 Luis Walser, concejales y funcionarios del gabinete municipal.<\/p>\n<p>Al finalizar la movilizaci\u00f3n, el intendente Walser enfatiz\u00f3 la necesidad de proteger el recurso h\u00eddrico y la calidad de vida de las generaciones venideras. \u00abEl futuro de Col\u00f3n y de nuestras futuras generaciones est\u00e1 en juego. Estamos aqu\u00ed para decir no a una refiner\u00eda sobre el r\u00edo Uruguay que amenaza nuestro ecosistema y nuestro modelo de desarrollo\u00bb, declar\u00f3 el mandatario.<\/p>\n<p>Walser destac\u00f3 la importancia de la participaci\u00f3n ciudadana en esta lucha que calific\u00f3 como \u00abde todos\u00bb: \u00abNecesitamos estar unidos para defender nuestra Ciudad. Seguiremos insistiendo todos los d\u00edas ante las m\u00e1ximas autoridades de Argentina y Uruguay para que escuchen este reclamo leg\u00edtimo\u00bb.<\/p>\n<p><strong>Puntos cr\u00edticos del reclam<\/strong>o<br \/>\nLa planta se ubicar\u00eda a escasos 3.500 metros de la costa argentina, impactando directamente sobre la poblaci\u00f3n de Col\u00f3n. Se estima un consumo de 2 millones de litros de agua por hora del r\u00edo Uruguay, afectando el caudal y la biodiversidad.<\/p>\n<p>Las emisiones gaseosas y el manejo de qu\u00edmicos para la producci\u00f3n de metanol representan una amenaza latente para la salud y el entorno natural.<\/p>\n<p>La comunidad de Col\u00f3n y el Departamento se mantiene en estado de alerta permanente, reafirmando que el desarrollo de la regi\u00f3n no puede realizarse a expensas de la seguridad ambiental de sus habitantes.<\/p>\n<h6>Fuente: APFDigital<\/h6>\n","protected":false},"excerpt":{"rendered":"<p>La comunidad de Col\u00f3n volvi\u00f3 a marchar este domingo 1\u00b0 de marzo hacia el Puente Internacional General Artigas para manifestar su rechazo a la instalaci\u00f3n de la planta de e-combustibles de la empresa HIF Global en la vecina orilla de Paysand\u00fa, Uruguay.<\/p>\n","protected":false},"author":2,"featured_media":162093,"comment_status":"closed","ping_status":"closed","sticky":false,"template":"","format":"standard","meta":{"footnotes":""},"categories":[2],"tags":[17],"class_list":["post-162092","post","type-post","status-publish","format-standard","has-post-thumbnail","hentry","category-informe-municipal","tag-entre-rios"],"_links":{"self":[{"href":"http:\/\/argentinamunicipal.com.ar\/argentina\/wp-json\/wp\/v2\/posts\/162092","targetHints":{"allow":["GET"]}}],"collection":[{"href":"http:\/\/argentinamunicipal.com.ar\/argentina\/wp-json\/wp\/v2\/posts"}],"about":[{"href":"http:\/\/argentinamunicipal.com.ar\/argentina\/wp-json\/wp\/v2\/types\/post"}],"author":[{"embeddable":true,"href":"http:\/\/argentinamunicipal.com.ar\/argentina\/wp-json\/wp\/v2\/users\/2"}],"replies":[{"embeddable":true,"href":"http:\/\/argentinamunicipal.com.ar\/argentina\/wp-json\/wp\/v2\/comments?post=162092"}],"version-history":[{"count":1,"href":"http:\/\/argentinamunicipal.com.ar\/argentina\/wp-json\/wp\/v2\/posts\/162092\/revisions"}],"predecessor-version":[{"id":162094,"href":"http:\/\/argentinamunicipal.com.ar\/argentina\/wp-json\/wp\/v2\/posts\/162092\/revisions\/162094"}],"wp:featuredmedia":[{"embeddable":true,"href":"http:\/\/argentinamunicipal.com.ar\/argentina\/wp-json\/wp\/v2\/media\/162093"}],"wp:attachment":[{"href":"http:\/\/argentinamunicipal.com.ar\/argentina\/wp-json\/wp\/v2\/media?parent=162092"}],"wp:term":[{"taxonomy":"category","embeddable":true,"href":"http:\/\/argentinamunicipal.com.ar\/argentina\/wp-json\/wp\/v2\/categories?post=162092"},{"taxonomy":"post_tag","embeddable":true,"href":"http:\/\/argentinamunicipal.com.ar\/argentina\/wp-json\/wp\/v2\/tags?post=162092"}],"curies":[{"name":"wp","href":"https:\/\/api.w.org\/{rel}","templated":true}]}}