{"id":162120,"date":"2026-03-05T04:58:59","date_gmt":"2026-03-05T07:58:59","guid":{"rendered":"http:\/\/argentinamunicipal.com.ar\/argentina\/?p=162120"},"modified":"2026-03-04T19:01:23","modified_gmt":"2026-03-04T22:01:23","slug":"el-soem-catamarca-entre-el-paro-y-las-denuncias-internas","status":"publish","type":"post","link":"http:\/\/argentinamunicipal.com.ar\/argentina\/el-soem-catamarca-entre-el-paro-y-las-denuncias-internas\/","title":{"rendered":"El SOEM, Catamarca, entre el paro y las denuncias internas"},"content":{"rendered":"<p>Lo solicitado y lo ofrecido abri\u00f3 un conflicto entre el Poder Ejecutivo Municipal de la Capital y el Sindicato de Obreros y Empleados Municipales (SOEM), dado que estos \u00faltimos confirmaron el inicio de medidas de fuerza, mientras que desde la comuna que conduce Gustavo Saadi advierten que la negociaci\u00f3n ser\u00e1 \u201cdura\u201d.<\/p>\n<p>En cuanto a la postura adoptada por el SOEM, en la jornada de ayer se concret\u00f3 una asamblea extraordinaria de trabajadores y, all\u00ed, se vot\u00f3 por unanimidad el inicio de medidas de fuerzas para este jueves y viernes.<\/p>\n<p>Luis \u00c1lamo, secretario General del SOEM, en di\u00e1logo con El Esqui\u00fa Play se refiri\u00f3 a la asamblea realizada en la sede del gremio en la que se confirm\u00f3 la realizaci\u00f3n de un paro por 48 horas que se iniciar\u00e1 a las cero horas de este jueves.<\/p>\n<p>Respecto a la modalidad que ser\u00e1 con asistencia a los lugares de trabajo, \u00c1lamo, quien estuvo acompa\u00f1ado por Eugenia Varela, explicaron que la decisi\u00f3n de asistir a los lugares de trabajo busca preservar el canal de di\u00e1logo.<\/p>\n<p>SOEM hizo un pedido de un incremento salarial del 20 por ciento y calific\u00f3 como insuficiente la propuesta de un incremento del \u00a05 por ciento por parte del Ejecutivo Municipal, que sigue la modalidad de los estatales provinciales.<\/p>\n<p>Conocida la decisi\u00f3n del SOEM de ir a un paro por 48 horas, desde el Ejecutivo Municipal salieron a expresarse, por lo que secretario de Urbanismo e Infraestructura de Javier Varela hizo referencia a la ca\u00edda de la coparticipaci\u00f3n que recibe la comuna y record\u00f3 que esto condiciona la discusi\u00f3n salarial con el SOEM.<\/p>\n<p>En Radio El Esqui\u00fa 95.3, Varela precis\u00f3 que en la comuna existe \u201cuna baja constante\u201d en los recursos que recibe el municipio, por lo que plante\u00f3 que la discusi\u00f3n salarial con el gremio deber\u00e1 ser \u201cuna negociaci\u00f3n absolutamente responsable\u201d para mejorar salarios \u201cpero sin comprometer los fondos del municipio\u201d.<\/p>\n<p>\u201cLo que esperamos es que podamos llegar a un buen acuerdo salarial en donde los tra bajadores municipales no pierdan el poder adquisitivo\u201d, dijo.<\/p>\n<p>Tambi\u00e9n, en radio El Esqui\u00fa 95.3, el secretario de Gobierno de la Capital, Germ\u00e1n Kranevitter, al igual que Varela, precis\u00f3 que el municipio enfrenta una baja real del 15% en la coparticipaci\u00f3n.<\/p>\n<p>Sobre el paro del SOEM, Kranevitter mencion\u00f3 que \u201csiempre hemos sido profundamente respetuosos de la libertad y del derecho a huelga\u201d por parte de la entidad gremial. Remarc\u00f3 que el di\u00e1logo contin\u00faa abierto, reconoci\u00f3 que \u201clas expectativas, las necesidades, las demandas viajan a una velocidad mucho mayor que las posibilidades\u201d.<\/p>\n<p><strong>Elecciones y denuncias<\/strong><\/p>\n<p>El pr\u00f3ximo 7 de mayo el Sindicato de Obrero y Empleados Municipales (SOEM) de la Capital ir\u00e1n a las urnas a los fines de elegir a la nueva conducci\u00f3n de la entidad gremial. Uno de los sectores que se presenta como alternativa al oficialismo que conduce el secretario General del SOEM, Luis \u00c1lamo es la integrada por miembros de la actual comisi\u00f3n directiva y que se encuentran aislados de la conducci\u00f3n gremial.<\/p>\n<p>En tal sentido, ante El Esqui\u00fa Play, la licenciada Iv\u00f3n Ceballos confirm\u00f3 la presentaci\u00f3n oficial de la \u201cLista Roja &#8211; Pura Sangre Municipal\u201d que ser\u00e1 parte de las elecciones en el SOEM.<\/p>\n<p>Ceballos encabeza la propuesta junto a Anita Quiroga y un equipo de 32 trabajadores. La referente de la Lista Roja, describi\u00f3 un escenario de extrema complejidad para avanzar como lista opositora, se\u00f1alando que ha sido v\u00edctima de violencia institucional, persecuciones e incluso la clausura de su oficina, situaciones que derivaron en denuncias judiciales y medidas perimetrales.<\/p>\n<h6>Fuente: elesquiu<\/h6>\n","protected":false},"excerpt":{"rendered":"<p>El SOEM, Catamarca, entre el paro y las denuncias internas<\/p>\n","protected":false},"author":2,"featured_media":162121,"comment_status":"closed","ping_status":"closed","sticky":false,"template":"","format":"standard","meta":{"footnotes":""},"categories":[7],"tags":[16],"class_list":["post-162120","post","type-post","status-publish","format-standard","has-post-thumbnail","hentry","category-informe-sindical","tag-catamarca"],"_links":{"self":[{"href":"http:\/\/argentinamunicipal.com.ar\/argentina\/wp-json\/wp\/v2\/posts\/162120","targetHints":{"allow":["GET"]}}],"collection":[{"href":"http:\/\/argentinamunicipal.com.ar\/argentina\/wp-json\/wp\/v2\/posts"}],"about":[{"href":"http:\/\/argentinamunicipal.com.ar\/argentina\/wp-json\/wp\/v2\/types\/post"}],"author":[{"embeddable":true,"href":"http:\/\/argentinamunicipal.com.ar\/argentina\/wp-json\/wp\/v2\/users\/2"}],"replies":[{"embeddable":true,"href":"http:\/\/argentinamunicipal.com.ar\/argentina\/wp-json\/wp\/v2\/comments?post=162120"}],"version-history":[{"count":1,"href":"http:\/\/argentinamunicipal.com.ar\/argentina\/wp-json\/wp\/v2\/posts\/162120\/revisions"}],"predecessor-version":[{"id":162122,"href":"http:\/\/argentinamunicipal.com.ar\/argentina\/wp-json\/wp\/v2\/posts\/162120\/revisions\/162122"}],"wp:featuredmedia":[{"embeddable":true,"href":"http:\/\/argentinamunicipal.com.ar\/argentina\/wp-json\/wp\/v2\/media\/162121"}],"wp:attachment":[{"href":"http:\/\/argentinamunicipal.com.ar\/argentina\/wp-json\/wp\/v2\/media?parent=162120"}],"wp:term":[{"taxonomy":"category","embeddable":true,"href":"http:\/\/argentinamunicipal.com.ar\/argentina\/wp-json\/wp\/v2\/categories?post=162120"},{"taxonomy":"post_tag","embeddable":true,"href":"http:\/\/argentinamunicipal.com.ar\/argentina\/wp-json\/wp\/v2\/tags?post=162120"}],"curies":[{"name":"wp","href":"https:\/\/api.w.org\/{rel}","templated":true}]}}