{"id":162123,"date":"2026-03-05T05:01:50","date_gmt":"2026-03-05T08:01:50","guid":{"rendered":"http:\/\/argentinamunicipal.com.ar\/argentina\/?p=162123"},"modified":"2026-03-04T19:03:34","modified_gmt":"2026-03-04T22:03:34","slug":"paritaria-municipal-santafesina-cuarto-intermedio","status":"publish","type":"post","link":"http:\/\/argentinamunicipal.com.ar\/argentina\/paritaria-municipal-santafesina-cuarto-intermedio\/","title":{"rendered":"Paritaria Municipal Santafesina: Cuarto Intermedio"},"content":{"rendered":"<p>Los representantes de Intendentes y Presidentes Comunales y los paritarios de FESTRAM continuar\u00e1n la negociaci\u00f3n el lunes 9.<\/p>\n<p>Se llev\u00f3 a cabo un nuevo encuentro entre la representaci\u00f3n de las Administraciones Locales y de FESTRAM en el marco de la Ley 9.996.<\/p>\n<p>En una reuni\u00f3n que se prolong\u00f3 por varias horas las partes resolvieron volver a reunirse el d\u00eda lunes 9 de marzo.<\/p>\n<p>La Mesa Paritaria de FESTRAM cuenta con mandato de disponer Paro Total de Actividades para los d\u00edas mi\u00e9rcoles 11 y jueves 12 si no existe un acuerdo salarial. Dicha decisi\u00f3n surgi\u00f3 del Plenario de Secretarios\/as Generales de FESTRAM que se realiz\u00f3 el d\u00eda de ayer.<\/p>\n<h6>Prensa FESTRAM<\/h6>\n","protected":false},"excerpt":{"rendered":"<p>Los representantes de Intendentes y Presidentes Comunales y los paritarios de FESTRAM continuar\u00e1n la negociaci\u00f3n el lunes 9.<\/p>\n","protected":false},"author":2,"featured_media":162124,"comment_status":"closed","ping_status":"closed","sticky":false,"template":"","format":"standard","meta":{"footnotes":""},"categories":[7],"tags":[10],"class_list":["post-162123","post","type-post","status-publish","format-standard","has-post-thumbnail","hentry","category-informe-sindical","tag-santa-fe"],"_links":{"self":[{"href":"http:\/\/argentinamunicipal.com.ar\/argentina\/wp-json\/wp\/v2\/posts\/162123","targetHints":{"allow":["GET"]}}],"collection":[{"href":"http:\/\/argentinamunicipal.com.ar\/argentina\/wp-json\/wp\/v2\/posts"}],"about":[{"href":"http:\/\/argentinamunicipal.com.ar\/argentina\/wp-json\/wp\/v2\/types\/post"}],"author":[{"embeddable":true,"href":"http:\/\/argentinamunicipal.com.ar\/argentina\/wp-json\/wp\/v2\/users\/2"}],"replies":[{"embeddable":true,"href":"http:\/\/argentinamunicipal.com.ar\/argentina\/wp-json\/wp\/v2\/comments?post=162123"}],"version-history":[{"count":1,"href":"http:\/\/argentinamunicipal.com.ar\/argentina\/wp-json\/wp\/v2\/posts\/162123\/revisions"}],"predecessor-version":[{"id":162125,"href":"http:\/\/argentinamunicipal.com.ar\/argentina\/wp-json\/wp\/v2\/posts\/162123\/revisions\/162125"}],"wp:featuredmedia":[{"embeddable":true,"href":"http:\/\/argentinamunicipal.com.ar\/argentina\/wp-json\/wp\/v2\/media\/162124"}],"wp:attachment":[{"href":"http:\/\/argentinamunicipal.com.ar\/argentina\/wp-json\/wp\/v2\/media?parent=162123"}],"wp:term":[{"taxonomy":"category","embeddable":true,"href":"http:\/\/argentinamunicipal.com.ar\/argentina\/wp-json\/wp\/v2\/categories?post=162123"},{"taxonomy":"post_tag","embeddable":true,"href":"http:\/\/argentinamunicipal.com.ar\/argentina\/wp-json\/wp\/v2\/tags?post=162123"}],"curies":[{"name":"wp","href":"https:\/\/api.w.org\/{rel}","templated":true}]}}