{"id":162138,"date":"2026-03-06T05:11:52","date_gmt":"2026-03-06T08:11:52","guid":{"rendered":"http:\/\/argentinamunicipal.com.ar\/argentina\/?p=162138"},"modified":"2026-03-04T19:13:46","modified_gmt":"2026-03-04T22:13:46","slug":"el-chalten-comenzo-a-cobrar-una-tasa-a-los-visitantes-que-no-pernocten-en-la-localidad","status":"publish","type":"post","link":"http:\/\/argentinamunicipal.com.ar\/argentina\/el-chalten-comenzo-a-cobrar-una-tasa-a-los-visitantes-que-no-pernocten-en-la-localidad\/","title":{"rendered":"El Chalt\u00e9n comenz\u00f3 a cobrar una tasa a los visitantes que no pernocten en la localidad"},"content":{"rendered":"<p>Desde el 3 de marzo, quienes visiten El Chalt\u00e9n y no pasen al menos una noche en la localidad deber\u00e1n abonar una tasa \u201cpor servicios\u201d, una medida que gener\u00f3 debate entre operadores tur\u00edsticos pero que las autoridades municipales defienden como necesaria para sostener la infraestructura que demanda el creciente flujo de visitantes.<\/p>\n<p>La decisi\u00f3n fue adoptada por la Municipalidad de El Chalt\u00e9n, destino reconocido oficialmente como Capital Nacional del Trekking y uno de los puntos m\u00e1s visitados de la provincia de Santa Cruz. La disposici\u00f3n se apoya en la Ordenanza N\u00b0 253 Tarifaria Anual 2025, aprobada en noviembre del a\u00f1o pasado e incorporada al C\u00f3digo Fiscal local.<\/p>\n<p>El nuevo esquema establece que los turistas que ingresen solo por el d\u00eda deber\u00e1n abonar aproximadamente 3.000 pesos por persona. El monto fue fijado en el equivalente a dos litros de nafta s\u00faper de YPF, lo que actualmente representa 3.018 pesos. El pago se realizar\u00e1 mediante un c\u00f3digo QR y ser\u00e1 gestionado directamente por el Municipio en los accesos a la localidad.<\/p>\n<p>La tasa alcanza a quienes lleguen en excursiones organizadas, autos de alquiler o traslados particulares y no pernocten en el pueblo. No afecta a los pasajeros que arriben en \u00f3mnibus de servicio regular, ya que en el boleto est\u00e1 incluida la tasa de Terminal. Tampoco deber\u00e1n abonarla quienes acrediten estad\u00eda en establecimientos habilitados.<\/p>\n<p>Desde el Ejecutivo local explicaron que no se trata de un impuesto por circular o por \u201centrar\u201d a la ciudad, sino de un aporte destinado a compensar el uso de servicios urbanos por parte de quienes no generan consumo en alojamientos. Los fondos ser\u00e1n destinados a cubrir mantenimiento de ba\u00f1os p\u00fablicos, recolecci\u00f3n y tratamiento de residuos, limpieza de espacios comunes y otros servicios que se ven exigidos por el turismo de paso.<\/p>\n<p>La implementaci\u00f3n hab\u00eda sido postergada meses atr\u00e1s debido a que inicialmente se pretend\u00eda que las agencias de viaje actuaran como agentes de retenci\u00f3n. Desde la Asociaci\u00f3n Argentina de Agencias de Viajes y Turismo de El Calafate hab\u00edan manifestado su desacuerdo, se\u00f1alando que el Municipio deb\u00eda contar con los recursos humanos y tecnol\u00f3gicos para efectuar el cobro y detallar las contraprestaciones. Finalmente, la intendencia resolvi\u00f3 asumir directamente el sistema de percepci\u00f3n.<\/p>\n<p>M\u00e1s all\u00e1 de la pol\u00e9mica local, el cobro de tasas a turistas es una tendencia creciente en destinos internacionales que buscan equilibrar el impacto del turismo masivo sobre los servicios p\u00fablicos. En Europa, ciudades como Roma y Venecia aplican contribuciones a visitantes, incluso con esquemas diferenciados para quienes no pernoctan. En el caso veneciano, por ejemplo, se implementaron sistemas de pago para excursionistas diarios con el objetivo de mitigar la presi\u00f3n sobre el casco hist\u00f3rico.<\/p>\n<p>Especialistas en gesti\u00f3n tur\u00edstica sostienen que este tipo de instrumentos apunta a generar recursos espec\u00edficos para infraestructura y mantenimiento, en contextos donde la afluencia de visitantes supera ampliamente la poblaci\u00f3n estable. En destinos de naturaleza, como El Chalt\u00e9n, la demanda sobre sanitarios p\u00fablicos, senderos, estacionamientos y servicios de limpieza suele incrementarse en temporada alta.<\/p>\n<p>Con la entrada en vigencia de la tasa, la Municipalidad apuesta a reforzar la sustentabilidad financiera de los servicios urbanos sin trasladar el costo a los residentes permanentes.<\/p>\n<h6>Fuente: Tiempo Sur<\/h6>\n","protected":false},"excerpt":{"rendered":"<p>Desde el 3 de marzo, quienes visiten El Chalt\u00e9n y no pasen al menos una noche en la localidad deber\u00e1n abonar una tasa \u201cpor servicios\u201d, una medida que gener\u00f3 debate entre operadores tur\u00edsticos<\/p>\n","protected":false},"author":2,"featured_media":162139,"comment_status":"closed","ping_status":"closed","sticky":false,"template":"","format":"standard","meta":{"footnotes":""},"categories":[2],"tags":[29],"class_list":["post-162138","post","type-post","status-publish","format-standard","has-post-thumbnail","hentry","category-informe-municipal","tag-santa-cruz"],"_links":{"self":[{"href":"http:\/\/argentinamunicipal.com.ar\/argentina\/wp-json\/wp\/v2\/posts\/162138","targetHints":{"allow":["GET"]}}],"collection":[{"href":"http:\/\/argentinamunicipal.com.ar\/argentina\/wp-json\/wp\/v2\/posts"}],"about":[{"href":"http:\/\/argentinamunicipal.com.ar\/argentina\/wp-json\/wp\/v2\/types\/post"}],"author":[{"embeddable":true,"href":"http:\/\/argentinamunicipal.com.ar\/argentina\/wp-json\/wp\/v2\/users\/2"}],"replies":[{"embeddable":true,"href":"http:\/\/argentinamunicipal.com.ar\/argentina\/wp-json\/wp\/v2\/comments?post=162138"}],"version-history":[{"count":1,"href":"http:\/\/argentinamunicipal.com.ar\/argentina\/wp-json\/wp\/v2\/posts\/162138\/revisions"}],"predecessor-version":[{"id":162140,"href":"http:\/\/argentinamunicipal.com.ar\/argentina\/wp-json\/wp\/v2\/posts\/162138\/revisions\/162140"}],"wp:featuredmedia":[{"embeddable":true,"href":"http:\/\/argentinamunicipal.com.ar\/argentina\/wp-json\/wp\/v2\/media\/162139"}],"wp:attachment":[{"href":"http:\/\/argentinamunicipal.com.ar\/argentina\/wp-json\/wp\/v2\/media?parent=162138"}],"wp:term":[{"taxonomy":"category","embeddable":true,"href":"http:\/\/argentinamunicipal.com.ar\/argentina\/wp-json\/wp\/v2\/categories?post=162138"},{"taxonomy":"post_tag","embeddable":true,"href":"http:\/\/argentinamunicipal.com.ar\/argentina\/wp-json\/wp\/v2\/tags?post=162138"}],"curies":[{"name":"wp","href":"https:\/\/api.w.org\/{rel}","templated":true}]}}