{"id":162141,"date":"2026-03-09T04:14:33","date_gmt":"2026-03-09T07:14:33","guid":{"rendered":"http:\/\/argentinamunicipal.com.ar\/argentina\/?p=162141"},"modified":"2026-03-04T19:18:01","modified_gmt":"2026-03-04T22:18:01","slug":"rio-gallegos-sistema-previsional-por-mas-que-los-municipios-aporten-el-deficit-va-a-seguir-estando","status":"publish","type":"post","link":"http:\/\/argentinamunicipal.com.ar\/argentina\/rio-gallegos-sistema-previsional-por-mas-que-los-municipios-aporten-el-deficit-va-a-seguir-estando\/","title":{"rendered":"R\u00edo Gallegos, sistema previsional: \u201cPor m\u00e1s que los municipios aporten, el d\u00e9ficit va a seguir estando\u201d"},"content":{"rendered":"<p>El vocal por los Activos en la Caja de Previsi\u00f3n Social advirti\u00f3 que \u201cno alcanza con apuntar a un municipio como responsable de la bancarrota del sistema previsional\u201d y pidi\u00f3 sentarse a discutir el tema con seriedad. \u201cLa deuda hist\u00f3rica es una parte, hay que debatir una nueva ley de coparticipaci\u00f3n\u201d, afirm\u00f3.<\/p>\n<p>Cristian S\u00e1nchez, vocal por los Activos en la Caja de Previsi\u00f3n Social (CPS), visit\u00f3 los estudios de Tiempo FM 97.5 y en el programa El Mediador habl\u00f3 sobre la situaci\u00f3n actual del organismo y la necesidad de solucionar los problemas de fondo.<\/p>\n<p>Seg\u00fan indic\u00f3, tras el borrador de reforma previsional que se filtr\u00f3 en los \u00faltimos d\u00edas, \u201cse dispar\u00f3 la cantidad de atenci\u00f3n al p\u00fablico\u201d en las oficinas de la CPS.<\/p>\n<p>\u201cTuvimos mucha gente asustada preguntando un mont\u00f3n de cosas. Nosotros diariamente seguimos atendiendo los reclamos de los afiliados\u201d, indic\u00f3.<\/p>\n<p>S\u00e1nchez resalt\u00f3 que el texto, que no ten\u00eda firma, trajo a la poblaci\u00f3n recuerdos del 2011 por tratarse de un proyecto \u201cmuy parecido\u201d.<\/p>\n<p>\u201cEste tipo de cosas no son para tomar a la ligera. Si bien el oficialismo te dice que fue la oposici\u00f3n y la oposici\u00f3n te dice que fue el oficialismo, sea como sea, la charla est\u00e1 en el ambiente, la discusi\u00f3n est\u00e1, el fantasma del cambio de ley sigue estando. Nosotros tenemos que estar atentos porque se habla de un mont\u00f3n de cosas que son retrocesos para el pueblo laburante\u201d, afirm\u00f3.<\/p>\n<p>Por otro lado, a pesar de que el gobernador Claudio Vidal se comprometi\u00f3 a no transferir la Caja, Sanchez dijo no sentirse tranquilo.<\/p>\n<p>\u201cEl sistema nacional siempre est\u00e1 ah\u00ed latente como tambi\u00e9n la armonizaci\u00f3n. Una cosa es la transferencia, otra cosa es la armonizaci\u00f3n. Ellos siempre dicen que la Caja queda en la provincia, pero nada dicen de la armonizaci\u00f3n. Va a ser un sistema muy parecido, ah\u00ed es donde la gente donde se asusta\u201d, expres\u00f3.<\/p>\n<p>S\u00e1nchez dijo que esta semana se reunir\u00e1 con actores pol\u00edticos y sindicales para hablar sobre el proyecto y advertir que \u201chay cosas que son inviables\u201d y \u201cmuchas contradicciones dentro del mismo borrador\u201d.<\/p>\n<p>No obstante, remarc\u00f3 que es necesario discutir c\u00f3mo normalizar la Caja.<\/p>\n<p>\u201cLa clase pol\u00edtica tiene que tener la madurez suficiente para sentarse a hablar de este tipo de cosas. No alcanza con apuntar a un municipio o a los municipios como responsables de la bancarrota del sistema previsional. Hay deudas entre Municipio y Provincia, eso es cierto, pero si no se sientan a hablar pol\u00edticamente bien, no creo que eso pase\u201d, se\u00f1al\u00f3.<\/p>\n<p>En ese sentido, remarc\u00f3 que se trata de \u201cuna deuda hist\u00f3rica\u201d que no involucra solamente al Municipio de R\u00edo Gallegos.<\/p>\n<p>\u201cLos municipios tienenn que estar al d\u00eda, s\u00ed; pero tampoco ser\u00eda lo que nos salve. Por m\u00e1s que los municipios aporten, y esto hay que decirlo, el d\u00e9ficit se va a seguir estando\u201d, advirti\u00f3.<\/p>\n<p>Y agreg\u00f3: \u201cLa deuda hist\u00f3rica es una parte, lo \u00fanico que va a hacer que los municipios est\u00e9n al d\u00eda y aporten es que el Tesoro provincial se sienta alivianado, no va a ser la soluci\u00f3n de fondo. Por eso hay que sentarse a hablar de otra forma, hay que sentarse a hablar de una nueva ley de coparticipaci\u00f3n\u201d.<\/p>\n<p>Por \u00faltimo, S\u00e1nchez asegur\u00f3 que en este contexto econ\u00f3mico y social se ve \u201csufrimiento\u201d tanto en el jubilado como en el trabajador activo.<\/p>\n<p>\u201cVeo sufrimiento, gente que te dice, compro remedios o como, no s\u00e9 qu\u00e9 hacer. Todo el mundo busca el ahorro, compra segundas marcas, terceras marcas y va tratando de llegar. Hay que mirar con m\u00e1s sensibilidad humana\u201d, expres\u00f3.<\/p>\n<h6>Fuente: Tiempo Sur<\/h6>\n","protected":false},"excerpt":{"rendered":"<p>El vocal por los Activos en la Caja de Previsi\u00f3n Social advirti\u00f3 que \u201cno alcanza con apuntar a un municipio como responsable de la bancarrota del sistema previsional\u201d y pidi\u00f3 sentarse a discutir el tema con seriedad.<\/p>\n","protected":false},"author":2,"featured_media":162142,"comment_status":"closed","ping_status":"closed","sticky":false,"template":"","format":"standard","meta":{"footnotes":""},"categories":[4],"tags":[29],"class_list":["post-162141","post","type-post","status-publish","format-standard","has-post-thumbnail","hentry","category-informe-politico","tag-santa-cruz"],"_links":{"self":[{"href":"http:\/\/argentinamunicipal.com.ar\/argentina\/wp-json\/wp\/v2\/posts\/162141","targetHints":{"allow":["GET"]}}],"collection":[{"href":"http:\/\/argentinamunicipal.com.ar\/argentina\/wp-json\/wp\/v2\/posts"}],"about":[{"href":"http:\/\/argentinamunicipal.com.ar\/argentina\/wp-json\/wp\/v2\/types\/post"}],"author":[{"embeddable":true,"href":"http:\/\/argentinamunicipal.com.ar\/argentina\/wp-json\/wp\/v2\/users\/2"}],"replies":[{"embeddable":true,"href":"http:\/\/argentinamunicipal.com.ar\/argentina\/wp-json\/wp\/v2\/comments?post=162141"}],"version-history":[{"count":1,"href":"http:\/\/argentinamunicipal.com.ar\/argentina\/wp-json\/wp\/v2\/posts\/162141\/revisions"}],"predecessor-version":[{"id":162143,"href":"http:\/\/argentinamunicipal.com.ar\/argentina\/wp-json\/wp\/v2\/posts\/162141\/revisions\/162143"}],"wp:featuredmedia":[{"embeddable":true,"href":"http:\/\/argentinamunicipal.com.ar\/argentina\/wp-json\/wp\/v2\/media\/162142"}],"wp:attachment":[{"href":"http:\/\/argentinamunicipal.com.ar\/argentina\/wp-json\/wp\/v2\/media?parent=162141"}],"wp:term":[{"taxonomy":"category","embeddable":true,"href":"http:\/\/argentinamunicipal.com.ar\/argentina\/wp-json\/wp\/v2\/categories?post=162141"},{"taxonomy":"post_tag","embeddable":true,"href":"http:\/\/argentinamunicipal.com.ar\/argentina\/wp-json\/wp\/v2\/tags?post=162141"}],"curies":[{"name":"wp","href":"https:\/\/api.w.org\/{rel}","templated":true}]}}