{"id":162147,"date":"2026-03-06T04:21:05","date_gmt":"2026-03-06T07:21:05","guid":{"rendered":"http:\/\/argentinamunicipal.com.ar\/argentina\/?p=162147"},"modified":"2026-03-04T19:22:53","modified_gmt":"2026-03-04T22:22:53","slug":"provincia-de-chubut-y-comunas-comprometidos-con-el-ordenamiento-fiscal","status":"publish","type":"post","link":"http:\/\/argentinamunicipal.com.ar\/argentina\/provincia-de-chubut-y-comunas-comprometidos-con-el-ordenamiento-fiscal\/","title":{"rendered":"Provincia de Chubut y comunas comprometidos con el ordenamiento fiscal"},"content":{"rendered":"<p>En el marco del pacto fiscal impulsado por la Provincia, el gobernador Ignacio \u201cNacho\u201d Torres encabez\u00f3 un encuentro con jefes comunales para avanzar en la aplicaci\u00f3n de herramientas tecnol\u00f3gicas que permitan mejorar la administraci\u00f3n de recursos, fortalecer la transparencia y consolidar el equilibrio financiero en todo el territorio.<\/p>\n<p>El gobernador del Chubut, Ignacio \u201cNacho\u201d Torres, encabez\u00f3 junto al titular de la Agencia de Recaudaci\u00f3n provincial (ARECH), Pablo Asnaghi, un encuentro con jefes comunales de distintas localidades, con el objetivo de fortalecer los procesos internos en materia de administraci\u00f3n de recursos y cobro de impuestos y tasas, en el marco del pacto fiscal y el ordenamiento integral de las cuentas p\u00fablicas que impulsa la Provincia.<\/p>\n<p>La reuni\u00f3n se realiz\u00f3 en la Sala de Situaci\u00f3n de la Casa de Gobierno y cont\u00f3 con la participaci\u00f3n de los jefes comunales Marcelo Aranda (Gastre); Micaela Bilbao (Lago Blanco); Pedro Huisca (Gan Gan); Pedro Goyeneche (Lagunita Salada); Sergio Bowman (Las Plumas); Pablo Castro (Telsen); Alberto Sosas (Carrenleuf\u00fa); Rafael Morales (Aldea Apeleg); F\u00e1tima Avil\u00e9s (Atilio Viglione); y las viceintendentas de Cushamen, Viviana Alejandra Villa Abrille; y de Cerro Centinela, Rosa Emiliana Gibbon. Tambi\u00e9n estuvieron presentes la secretaria general de Gobierno, Macarena Acuipil; la secretaria Coordinadora de Gabinete, Jennifer Contardi; y el subsecretario de Asuntos Municipales, Genaro P\u00e9rez; el subdirector de la Agencia, Guillermo Williams y la Coordinadora, Gabriela Valdechi.<\/p>\n<p><strong>Desarrollo, orden y competitividad<\/strong><\/p>\n<p>Al respecto, Torres explic\u00f3 que \u201ca trav\u00e9s de la Agencia de Recaudaci\u00f3n estamos generando un espacio de colaboraci\u00f3n permanente con los municipios y comunas rurales, aplicando m\u00e1s y mejor tecnolog\u00eda para optimizar los mecanismos internos de administraci\u00f3n y recaudaci\u00f3n\u201d. En ese sentido, remarc\u00f3 que el trabajo se inscribe dentro del pacto fiscal provincial, orientado a garantizar equilibrio, previsibilidad y una gesti\u00f3n m\u00e1s eficiente en todos los niveles del Estado.<\/p>\n<p>\u201cEl ordenamiento de las cuentas no es un fin en s\u00ed mismo, sino la base para generar desarrollo y mejorar la competitividad de cada localidad\u201d, sostuvo el mandatario, asegurando que el objetivo es que cada administraci\u00f3n pueda gestionar sus recursos con mayor transparencia, reducir la informalidad, simplificar tr\u00e1mites y brindar mejores servicios a los vecinos.<\/p>\n<p>Torres precis\u00f3 que el encuentro marca \u201cel inicio de un intercambio permanente entre la Agencia y cada comuna, para brindar soporte t\u00e9cnico, evacuar consultas jur\u00eddico-administrativas y acompa\u00f1ar el proceso de modernizaci\u00f3n\u201d, y ratific\u00f3 que la Provincia continuar\u00e1 impulsando una agenda conjunta que permita consolidar un Estado m\u00e1s \u00e1gil, eficiente y sustentable.<\/p>\n<p>Por su parte, Asnaghi se\u00f1al\u00f3 que \u201cestos espacios permiten fortalecer los procesos internos de registraci\u00f3n y cobro de tasas, patentes y otros tributos locales\u201d, y destac\u00f3 que \u201cuna gesti\u00f3n moderna y competitiva requiere herramientas tecnol\u00f3gicas acordes a los desaf\u00edos actuales y reglas claras en materia fiscal\u201d.<\/p>\n<h6>Fuente: Tiempo Sur<\/h6>\n","protected":false},"excerpt":{"rendered":"<p>En el marco del pacto fiscal impulsado por la Provincia, el gobernador Ignacio \u201cNacho\u201d Torres encabez\u00f3 un encuentro con jefes comunales para avanzar en la aplicaci\u00f3n de herramientas tecnol\u00f3gicas que permitan mejorar la administraci\u00f3n de recursos<\/p>\n","protected":false},"author":2,"featured_media":162148,"comment_status":"closed","ping_status":"closed","sticky":false,"template":"","format":"standard","meta":{"footnotes":""},"categories":[4],"tags":[14],"class_list":["post-162147","post","type-post","status-publish","format-standard","has-post-thumbnail","hentry","category-informe-politico","tag-chubut"],"_links":{"self":[{"href":"http:\/\/argentinamunicipal.com.ar\/argentina\/wp-json\/wp\/v2\/posts\/162147","targetHints":{"allow":["GET"]}}],"collection":[{"href":"http:\/\/argentinamunicipal.com.ar\/argentina\/wp-json\/wp\/v2\/posts"}],"about":[{"href":"http:\/\/argentinamunicipal.com.ar\/argentina\/wp-json\/wp\/v2\/types\/post"}],"author":[{"embeddable":true,"href":"http:\/\/argentinamunicipal.com.ar\/argentina\/wp-json\/wp\/v2\/users\/2"}],"replies":[{"embeddable":true,"href":"http:\/\/argentinamunicipal.com.ar\/argentina\/wp-json\/wp\/v2\/comments?post=162147"}],"version-history":[{"count":1,"href":"http:\/\/argentinamunicipal.com.ar\/argentina\/wp-json\/wp\/v2\/posts\/162147\/revisions"}],"predecessor-version":[{"id":162149,"href":"http:\/\/argentinamunicipal.com.ar\/argentina\/wp-json\/wp\/v2\/posts\/162147\/revisions\/162149"}],"wp:featuredmedia":[{"embeddable":true,"href":"http:\/\/argentinamunicipal.com.ar\/argentina\/wp-json\/wp\/v2\/media\/162148"}],"wp:attachment":[{"href":"http:\/\/argentinamunicipal.com.ar\/argentina\/wp-json\/wp\/v2\/media?parent=162147"}],"wp:term":[{"taxonomy":"category","embeddable":true,"href":"http:\/\/argentinamunicipal.com.ar\/argentina\/wp-json\/wp\/v2\/categories?post=162147"},{"taxonomy":"post_tag","embeddable":true,"href":"http:\/\/argentinamunicipal.com.ar\/argentina\/wp-json\/wp\/v2\/tags?post=162147"}],"curies":[{"name":"wp","href":"https:\/\/api.w.org\/{rel}","templated":true}]}}