{"id":162150,"date":"2026-03-04T19:24:45","date_gmt":"2026-03-04T22:24:45","guid":{"rendered":"http:\/\/argentinamunicipal.com.ar\/argentina\/?p=162150"},"modified":"2026-03-04T19:24:45","modified_gmt":"2026-03-04T22:24:45","slug":"el-intendente-de-comodoro-pidio-un-debate-sobre-la-mineria","status":"publish","type":"post","link":"http:\/\/argentinamunicipal.com.ar\/argentina\/el-intendente-de-comodoro-pidio-un-debate-sobre-la-mineria\/","title":{"rendered":"El intendente de Comodoro pidi\u00f3 un debate sobre la miner\u00eda"},"content":{"rendered":"<p>En su discurso en el Concejo, Othar Macharashvili repas\u00f3 la situaci\u00f3n de la ciudad y enumer\u00f3 objetivos inmediatos, como recuperar las tierras de YPF y la construcci\u00f3n de un puerto deportivo. Adem\u00e1s, anunci\u00f3 50 viviendas para los damnificados de Cerro Hermitte.<\/p>\n<p>\u201cLa peor decisi\u00f3n es no decidir\u201d, dijo este martes Othar Macharashvili al manifestar que considera necesario comenzar a discutir sobre el futuro de la miner\u00eda en Chubut.<\/p>\n<p>\u201cQuiero abordar en p\u00fablico el tema de la miner\u00eda. Necesitamos discutir seriamente sobre ella en la Meseta; no podemos dar la espalda. Somos una ciudad minera y no podemos sostener un doble discurso. No podemos celebrar el petr\u00f3leo y por conveniencia pol\u00edtica demonizar a la miner\u00eda\u201d, sostuvo en una de las partes salientes del discurso con el que habilit\u00f3 este martes un nuevo periodo de sesiones ordinarias en el Concejo Deliberante.<\/p>\n<p>Para Macharashvili, el tema minero \u201cdebe ser una discusi\u00f3n que Chubut debe dar con informaci\u00f3n t\u00e9cnica y madurez pol\u00edtica. Observamos que esta actividad podr\u00eda representar una posibilidad concreta para nuestra ciudad que puede ofrecer mano de obra y capacidad t\u00e9cnica. Nuestros trabajadores y empresas pymes pueden contribuir. Chubut necesita crecer y generar recursos genuinos. Necesitamos dejar de depender de un solo recurso. Se hace necesario abrir un debate serio y profundo\u201d, continu\u00f3.<\/p>\n<p>Por supuesto, aclar\u00f3 que la actividad deber\u00eda realizarse con \u201cauditor\u00edas independientes y aportes como el de los profesionales de nuestra universidad, controlando el uso del agua con participaci\u00f3n de los trabajadores y transparencia absoluta. Si el mundo puede hacerlo, Chubut tambi\u00e9n. No podemos seguir paralizados por el miedo o el c\u00e1lculo electoral\u201d.<\/p>\n<p>VOLVER AL CONCEJO<\/p>\n<p>El intendente de Comodoro Rivadavia inaugur\u00f3 este martes un nuevo periodo de sesiones ordinarias en el Concejo Deliberante. Fue el n\u00famero 54 y el hecho de volver a realizar el acto en el \u00e1mbito legislativo fue el primer tema que abord\u00f3 el intendente en su discurso.<\/p>\n<p>\u201cDespu\u00e9s de 13 a\u00f1os, este mensaje vuelve al recinto y no es un dato menor. Es una decisi\u00f3n pol\u00edtica por lo que el palacio legislativo significa. Volvemos ac\u00e1 porque es el lugar donde se debate y define el futuro de la ciudad\u201d, sostuvo Macharashvili ante el viceintendente, Maximiliano Sampaoli, y el pleno de concejales. Tambi\u00e9n asistieron \u2013entre otros- el senador Carlos Linares y los diputados nacionales Juan Pablo Luque y Jos\u00e9 Gliniski.<\/p>\n<p>\u201cEste intendente que vive en Comodoro observa que no son tiempos para tibios, ni para buscar r\u00e9ditos pol\u00edticos a costa del dolor de la gente, con discursos malintencionados que chocan con la templanza que requiere la hora\u201d, resalt\u00f3 el jefe comunal.<\/p>\n<p><strong>Eventos culturales<\/strong><br \/>\nA continuaci\u00f3n, sostuvo que \u201ctampoco es buena consejera la deslealtad en \u00e9pocas en que los comodorenses necesitamos estar m\u00e1s unidos que nunca. Nosotros estamos enfocados en la defensa de Comodoro Rivadavia y para ello hay que estar sin ambig\u00fcedades ni agachadas y a la hora de levantar la mano veremos qui\u00e9nes est\u00e1n a favor y en contra de la ciudad\u201d.<\/p>\n<p>Aqu\u00ed se refiri\u00f3 a las tierras que pertenec\u00edan a YPF, se\u00f1alando que apenas se retir\u00f3 la empresa \u201cempezamos a trabajar con el titular del sindicato de petroleros, Jorge Avila, y el director de YPF, Emiliano Mongilardi, para recuperarlas para Comodoro. Esas tierras no pueden convertirse en un negocio inmobiliario; no pueden ser loteadas desde un escritorio de Buenos Aires. Comodoro Rivadavia debe decidir qu\u00e9 hacer con su territorio\u201d.<\/p>\n<p>Adem\u00e1s, record\u00f3 que en 2022 se firm\u00f3 un traspaso para la cesi\u00f3n de tierras de la petrolera a los clubes, aunque \u201cese acuerdo nunca fue tratado en este recinto. Eso no puede volver a ocurrir. Comodoro necesita empezar a discutir c\u00f3mo crece. Esto requiere de grandeza. Crecer no es solo extraer, sino que es transformar, expandirse y aprovechar la riqueza de nuestro suelo sin descuidar el ambiente\u201d.<\/p>\n<p>EL RECURSO HUMANO<\/p>\n<p>Macharashvili admiti\u00f3 que \u201cnunca potenciamos lo suficiente a nuestras pymes para que se transformaran en industrias y no en meras proveedoras de servicios\u201d, se\u00f1alando que la ciudad no fue retribuida por el aporte que le dio al pa\u00eds.<\/p>\n<p>\u201cEs hora de convertir a Comodoro en un verdadero polo industrial. Tenemos con qu\u00e9 hacerlo. Necesitamos pensar en grande porque contamos con qu\u00e9 hacerlo. Para este fin disponemos de las condiciones necesarias para que este no sea un sue\u00f1o aventurero. Tenemos historia productiva; falta el gran acuerdo. Hablo de un acuerdo superador que atraviese la coyuntura\u201d.<\/p>\n<p>Indic\u00f3 que \u201cen esta nueva etapa vamos a reescribir nuestra historia; no existen excluidos; ese es nuestro norte. Comodoro no puede seguir dependiendo exclusivamente del barril. Por eso este jefe comunal se va a poner al frente de los reclamos ante el gobierno nacional y apelamos al gobernador (Ignacio) Torres a que nos acompa\u00f1e para que nuevas empresas echen ra\u00edces en estas latitudes. El municipio ya est\u00e1 preparado para ceder tierras y dar beneficios impositivos para este paso vital\u201d.<\/p>\n<p>EL PUERTO DEPORTIVO<\/p>\n<p>En otro orden, y al repasar las iniciativas de las distintas \u00e1reas municipales, el intendente record\u00f3 que Comodoro reci\u00e9n comienza a mirar de frente al mar, anunciando que \u201cvamos a avanzar en el puerto deportivo para profesionalizar la actividad, mejorar est\u00e1ndares de seguridad y generar empleo en nuestra ciudad. Hoy observamos c\u00f3mo la actividad n\u00e1utica ha crecido de manera sostenida\u201d.<\/p>\n<p>En este contexto, en los pr\u00f3ximos d\u00edas se inaugurar\u00e1 la oficina de informe tur\u00edstico en el paseo costero.<\/p>\n<p>Asimismo, se\u00f1al\u00f3 que \u201cya tenemos finalizado el proyecto ejecutivo del Polo Tecnol\u00f3gico y estamos buscando el financiamiento. Tenemos la palabra de las operadoras\u201d.<\/p>\n<p>CERRO HERMITTE<\/p>\n<p>El intendente tambi\u00e9n dedic\u00f3 parte de su discurso a recordar el trabajo de la Secretar\u00eda de Ordenamiento Territorial, resaltando que el control sobre la tierra p\u00fablica ser\u00e1 pleno y en ese contexto \u201cno vamos a permitir asentamientos ilegales\u201d, ya que \u201cla necesidad no puede ser excusa para el desorden permanente\u201d.<\/p>\n<p>A\u00f1adi\u00f3 que \u201cno vamos a entregar un solo lote sin los servicios b\u00e1sicos\u201d y que \u201cno vamos a hipotecar el futuro de las familias\u201d, recordando la cat\u00e1strofe del 18 de enero provocada por el deslizamiento del Cerro Hermitte.<\/p>\n<p>\u201cLo que pas\u00f3 nos obliga a corregir pr\u00e1cticas. Trabajaremos con este Concejo para adecuar la prevenci\u00f3n, que debe ser pol\u00edtica de estado. Los estudios deben ser exhaustivos\u201d, se\u00f1al\u00f3, anticipando que \u201cla pr\u00f3xima semana firmaremos el contrato para la compra de 50 viviendas para las familias damnificadas, que se suman a las 52 que comprar\u00e1 la Provincia. Es una respuesta concreta ante una situaci\u00f3n que golpea profundamente a nuestra comunidad. Sabemos que nada reemplaza lo perdido, pero el Estado debe dar respuestas\u201d.<\/p>\n<p>Adem\u00e1s, destac\u00f3 que \u201cse eval\u00faa el programa de autoconstrucci\u00f3n con lotes con servicios\u201d, donde \u201cse aplicar\u00e1 un sistema de puntaje p\u00fablico, sin discrecionalidad y con responsabilidad institucional. Esto es solo una parte de lo que estamos llevando adelante. No vamos a improvisar y a tomar decisiones apresuradas para satisfacer las ansiedades del momento. La vida, la seguridad y la tranquilidad est\u00e1n por encima de cualquier especulaci\u00f3n pol\u00edtica\u201d.<\/p>\n<h6>Fuente: El Patag\u00f3nico<\/h6>\n","protected":false},"excerpt":{"rendered":"<p>En su discurso en el Concejo, Othar Macharashvili repas\u00f3 la situaci\u00f3n de la ciudad y enumer\u00f3 objetivos inmediatos, como recuperar las tierras de YPF y la construcci\u00f3n de un puerto deportivo.<\/p>\n","protected":false},"author":2,"featured_media":162151,"comment_status":"closed","ping_status":"closed","sticky":false,"template":"","format":"standard","meta":{"footnotes":""},"categories":[4],"tags":[14],"class_list":["post-162150","post","type-post","status-publish","format-standard","has-post-thumbnail","hentry","category-informe-politico","tag-chubut"],"_links":{"self":[{"href":"http:\/\/argentinamunicipal.com.ar\/argentina\/wp-json\/wp\/v2\/posts\/162150","targetHints":{"allow":["GET"]}}],"collection":[{"href":"http:\/\/argentinamunicipal.com.ar\/argentina\/wp-json\/wp\/v2\/posts"}],"about":[{"href":"http:\/\/argentinamunicipal.com.ar\/argentina\/wp-json\/wp\/v2\/types\/post"}],"author":[{"embeddable":true,"href":"http:\/\/argentinamunicipal.com.ar\/argentina\/wp-json\/wp\/v2\/users\/2"}],"replies":[{"embeddable":true,"href":"http:\/\/argentinamunicipal.com.ar\/argentina\/wp-json\/wp\/v2\/comments?post=162150"}],"version-history":[{"count":1,"href":"http:\/\/argentinamunicipal.com.ar\/argentina\/wp-json\/wp\/v2\/posts\/162150\/revisions"}],"predecessor-version":[{"id":162152,"href":"http:\/\/argentinamunicipal.com.ar\/argentina\/wp-json\/wp\/v2\/posts\/162150\/revisions\/162152"}],"wp:featuredmedia":[{"embeddable":true,"href":"http:\/\/argentinamunicipal.com.ar\/argentina\/wp-json\/wp\/v2\/media\/162151"}],"wp:attachment":[{"href":"http:\/\/argentinamunicipal.com.ar\/argentina\/wp-json\/wp\/v2\/media?parent=162150"}],"wp:term":[{"taxonomy":"category","embeddable":true,"href":"http:\/\/argentinamunicipal.com.ar\/argentina\/wp-json\/wp\/v2\/categories?post=162150"},{"taxonomy":"post_tag","embeddable":true,"href":"http:\/\/argentinamunicipal.com.ar\/argentina\/wp-json\/wp\/v2\/tags?post=162150"}],"curies":[{"name":"wp","href":"https:\/\/api.w.org\/{rel}","templated":true}]}}